{"id":12613,"date":"2023-12-22T09:00:00","date_gmt":"2023-12-22T08:00:00","guid":{"rendered":"https:\/\/www.esprit-barbecue.fr\/blog\/?p=12613"},"modified":"2024-05-14T09:05:17","modified_gmt":"2024-05-14T07:05:17","slug":"weber-lancement-cuisine-exterieure","status":"publish","type":"post","link":"https:\/\/www.esprit-barbecue.fr\/blog\/weber-lancement-cuisine-exterieure\/","title":{"rendered":"\ud83d\udce3 Alerte nouveaut\u00e9 : Weber lance sa cuisine ext\u00e9rieure"},"content":{"rendered":"\n\n<div class=\"kk-star-ratings kksr-auto kksr-align-center kksr-valign-top\"\n    data-payload='{&quot;align&quot;:&quot;center&quot;,&quot;id&quot;:&quot;12613&quot;,&quot;slug&quot;:&quot;default&quot;,&quot;valign&quot;:&quot;top&quot;,&quot;ignore&quot;:&quot;&quot;,&quot;reference&quot;:&quot;auto&quot;,&quot;class&quot;:&quot;&quot;,&quot;count&quot;:&quot;12&quot;,&quot;legendonly&quot;:&quot;&quot;,&quot;readonly&quot;:&quot;&quot;,&quot;score&quot;:&quot;4.2&quot;,&quot;starsonly&quot;:&quot;&quot;,&quot;best&quot;:&quot;5&quot;,&quot;gap&quot;:&quot;5&quot;,&quot;greet&quot;:&quot;Notez ce contenu !&quot;,&quot;legend&quot;:&quot;4.2\\\/5 - (12 votes)&quot;,&quot;size&quot;:&quot;24&quot;,&quot;title&quot;:&quot;\ud83d\udce3 Alerte nouveaut\u00e9 : Weber lance sa cuisine ext\u00e9rieure&quot;,&quot;width&quot;:&quot;119.3&quot;,&quot;_legend&quot;:&quot;{score}\\\/{best} - ({count} {votes})&quot;,&quot;font_factor&quot;:&quot;1.25&quot;}'>\n            \n<div class=\"kksr-stars\">\n    \n<div class=\"kksr-stars-inactive\">\n            <div class=\"kksr-star\" data-star=\"1\" style=\"padding-right: 5px\">\n            \n\n<div class=\"kksr-icon\" style=\"width: 24px; height: 24px;\"><\/div>\n        <\/div>\n            <div class=\"kksr-star\" data-star=\"2\" style=\"padding-right: 5px\">\n            \n\n<div class=\"kksr-icon\" style=\"width: 24px; height: 24px;\"><\/div>\n        <\/div>\n            <div class=\"kksr-star\" data-star=\"3\" style=\"padding-right: 5px\">\n            \n\n<div class=\"kksr-icon\" style=\"width: 24px; height: 24px;\"><\/div>\n        <\/div>\n            <div class=\"kksr-star\" data-star=\"4\" style=\"padding-right: 5px\">\n            \n\n<div class=\"kksr-icon\" style=\"width: 24px; height: 24px;\"><\/div>\n        <\/div>\n            <div class=\"kksr-star\" data-star=\"5\" style=\"padding-right: 5px\">\n            \n\n<div class=\"kksr-icon\" style=\"width: 24px; height: 24px;\"><\/div>\n        <\/div>\n    <\/div>\n    \n<div class=\"kksr-stars-active\" style=\"width: 119.3px;\">\n            <div class=\"kksr-star\" style=\"padding-right: 5px\">\n            \n\n<div class=\"kksr-icon\" style=\"width: 24px; height: 24px;\"><\/div>\n        <\/div>\n            <div class=\"kksr-star\" style=\"padding-right: 5px\">\n            \n\n<div class=\"kksr-icon\" style=\"width: 24px; height: 24px;\"><\/div>\n        <\/div>\n            <div class=\"kksr-star\" style=\"padding-right: 5px\">\n            \n\n<div class=\"kksr-icon\" style=\"width: 24px; height: 24px;\"><\/div>\n        <\/div>\n            <div class=\"kksr-star\" style=\"padding-right: 5px\">\n            \n\n<div class=\"kksr-icon\" style=\"width: 24px; height: 24px;\"><\/div>\n        <\/div>\n            <div class=\"kksr-star\" style=\"padding-right: 5px\">\n            \n\n<div class=\"kksr-icon\" style=\"width: 24px; height: 24px;\"><\/div>\n        <\/div>\n    <\/div>\n<\/div>\n                \n\n<div class=\"kksr-legend\" style=\"font-size: 19.2px;\">\n            4.2\/5 - (12 votes)    <\/div>\n    <\/div>\n\n<p>Vous avez bien lu cette derni\u00e8re <a title=\"actualites barbecue\" href=\"https:\/\/www.esprit-barbecue.fr\/blog\/category\/actualites\/\">actu<\/a> ! D\u00e9j\u00e0 leader de la grillade au barbecue, <strong>Weber<\/strong> \u00e9l\u00e8ve encore le niveau en 2024 en proposant sa propre <strong>cuisine ext\u00e9rieure<\/strong>. R\u00e9v\u00e9l\u00e9e lors du dernier <a title=\"salon spoga gafa 2023\" href=\"https:\/\/www.esprit-barbecue.fr\/blog\/spoga-gafa-2023-toutes-les-nouveautes-du-barbecue\/\">salon Spoga+Gafa 2023<\/a>, le g\u00e9ant am\u00e9ricain a fait appel \u00e0 son partenaire <strong>BBQ Kitchen<\/strong> pour proposer des <strong>meubles modulables<\/strong>, complets, de haute qualit\u00e9 et \u00e0 l\u2019agencement simplifi\u00e9. Avec un ensemble disponible \u00e0 partir de 2900\u20ac (sans le barbecue) ou en meubles \u00e0 l\u2019unit\u00e9 \u00e0 partir de 1100\u20ac, l\u2019am\u00e9nagement d\u2019une cuisine ext\u00e9rieure n\u2019a jamais \u00e9t\u00e9 aussi simple. Adieu les aller-retours vers la maison, bonjour la vie compl\u00e8te au grand air !<\/p>\n\n\n\n<div class=\"wp-block-buttons is-content-justification-center is-layout-flex wp-container-core-buttons-is-layout-16018d1d wp-block-buttons-is-layout-flex\">\n<div class=\"wp-block-button\"><a class=\"wp-block-button__link has-white-color has-text-color has-background has-link-color has-text-align-center wp-element-button\" href=\"https:\/\/www.esprit-barbecue.fr\/401-cuisine-exterieure-weber\" style=\"background-color:#17301c\">D\u00e9couvrir la cuisine ext\u00e9rieure Weber<\/a><\/div>\n<\/div>\n\n\n\n<hr class=\"wp-block-separator has-alpha-channel-opacity\"\/>\n\n\n\n<h2 class=\"wp-block-heading\">Une cuisine ext\u00e9rieure Weber modulable \u00e0 l\u2019infini !<\/h2>\n\n\n\n<p>En proposant sa version de la <strong>cuisine ext\u00e9rieure<\/strong>, <strong>Weber<\/strong> poursuit son id\u00e9e de profiter de l\u2019art de vivre en ext\u00e9rieur \u00e0 100%. La marque offre un acc\u00e8s facile \u00e0 cet univers et au plus grand nombre gr\u00e2ce \u00e0 des meubles tr\u00e8s faciles \u00e0 moduler.<\/p>\n\n\n\n<figure class=\"wp-block-image size-full\"><img loading=\"lazy\" decoding=\"async\" width=\"850\" height=\"300\" src=\"https:\/\/www.esprit-barbecue.fr\/blog\/wp-content\/uploads\/2023\/12\/cuisine-exterieure-weber-modules.jpg\" alt=\"Modules de la cuisine ext\u00e9rieure Weber sur une terrasse\" class=\"wp-image-12619\" srcset=\"https:\/\/www.esprit-barbecue.fr\/blog\/wp-content\/uploads\/2023\/12\/cuisine-exterieure-weber-modules.jpg 850w, https:\/\/www.esprit-barbecue.fr\/blog\/wp-content\/uploads\/2023\/12\/cuisine-exterieure-weber-modules-300x106.jpg 300w, https:\/\/www.esprit-barbecue.fr\/blog\/wp-content\/uploads\/2023\/12\/cuisine-exterieure-weber-modules-768x271.jpg 768w, https:\/\/www.esprit-barbecue.fr\/blog\/wp-content\/uploads\/2023\/12\/cuisine-exterieure-weber-modules-700x247.jpg 700w\" sizes=\"auto, (max-width: 850px) 100vw, 850px\" \/><\/figure>\n\n\n\n<p>Parmi les diff\u00e9rents mod\u00e8les propos\u00e9s, on retrouve :&nbsp;<\/p>\n\n\n\n<ul class=\"wp-block-list\">\n<li>Un <strong>support d\u2019installation<\/strong> pour venir encastrer le barbecue gaz de votre choix.<\/li>\n\n\n\n<li>Le <strong>module 1 porte<\/strong> pour ranger la bouteille de gaz du barbecue ou les accessoires de cuisson et de nettoyage. Il peut m\u00eame accueillir un mini r\u00e9frig\u00e9rateur pour rester hydrat\u00e9 pendant les cuissons ou garder la nourriture fra\u00eeche.<\/li>\n\n\n\n<li>Le <strong>module 2 tiroirs <\/strong>tr\u00e8s pratique pour stocker la vaisselle, des plats en fonte plus imposants ou m\u00eame vos \u00e9pices favorites.&nbsp;<\/li>\n\n\n\n<li>Le <strong>module 1 porte avec encastrement du r\u00e9chaud <\/strong>de votre barbecue gaz pour profiter de tous les avantages de votre appareil favori. Id\u00e9al pour cuire les garnitures comme des l\u00e9gumes ou monter une sauce pour les viandes. L\u2019espace ferm\u00e9 par une porte accueille tr\u00e8s bien une bouteille de gaz.<\/li>\n\n\n\n<li>Le<strong> module \u00e9vier<\/strong> avec robinet pour nettoyer votre nourriture ou votre vaisselle sans attendre.<\/li>\n\n\n\n<li>Le <strong>panneau d\u2019angle<\/strong> pour cr\u00e9er une cuisine en L ou en U et s\u2019adapter parfaitement aux dimensions de votre espace outdoor.<\/li>\n<\/ul>\n\n\n\n<h2 class=\"wp-block-heading\">Cuisine ext\u00e9rieure Weber : l\u2019int\u00e9gration parfaite de votre barbecue<\/h2>\n\n\n\n<div class=\"wp-block-columns is-layout-flex wp-container-core-columns-is-layout-9d6595d7 wp-block-columns-is-layout-flex\">\n<div class=\"wp-block-column is-layout-flow wp-block-column-is-layout-flow\">\n<figure class=\"wp-block-image size-full\"><img loading=\"lazy\" decoding=\"async\" width=\"405\" height=\"511\" src=\"https:\/\/www.esprit-barbecue.fr\/blog\/wp-content\/uploads\/2023\/12\/cuisine-exterieure-weber-barbecues.jpg\" alt=\"Cuisine ext\u00e9rieure Weber avec des barbecues gaz Weber compatibles\" class=\"wp-image-12621\" srcset=\"https:\/\/www.esprit-barbecue.fr\/blog\/wp-content\/uploads\/2023\/12\/cuisine-exterieure-weber-barbecues.jpg 405w, https:\/\/www.esprit-barbecue.fr\/blog\/wp-content\/uploads\/2023\/12\/cuisine-exterieure-weber-barbecues-238x300.jpg 238w\" sizes=\"auto, (max-width: 405px) 100vw, 405px\" \/><\/figure>\n<\/div>\n\n\n\n<div class=\"wp-block-column is-vertically-aligned-center is-layout-flow wp-block-column-is-layout-flow\">\n<p>La <strong>cuisine d&#8217;ext\u00e9rieur Weber<\/strong> a \u00e9t\u00e9 pens\u00e9e pour se construire autour d\u2019un barbecue, faisant de lui la pi\u00e8ce centrale de votre terrasse. C\u2019est pourquoi la marque am\u00e9ricaine propose des ensembles pr\u00e9con\u00e7us compatibles avec les <a title=\"barbecue gaz weber\" href=\"https:\/\/www.esprit-barbecue.fr\/105-barbecue-gaz-weber\"><strong>barbecues gaz Weber<\/strong><\/a> suivants :&nbsp;<\/p>\n\n\n\n<ul class=\"wp-block-list\">\n<li>barbecue gaz Spirit E-315 \/ E-325S \/ EP-335 \/ EPX-325S \/ EPX-335<\/li>\n\n\n\n<li>barbecue gaz Genesis E-335 \/ EX-335 \/ EPX-335 \/ SE EPX 335<\/li>\n\n\n\n<li>barbecue gaz Genesis E-435 \/ EX-435 \/ EPX-435 \/ SE EPX-435<\/li>\n<\/ul>\n<\/div>\n<\/div>\n\n\n\n<p>Que vous souhaitiez int\u00e9grer votre barbecue actuel ou en ajouter un nouveau (parmi les r\u00e9f\u00e9rences ci-dessus), Weber pense \u00e0 tout. La marque propose des kits d\u2019encastrement pour faire du barbecue l\u2019\u00e9l\u00e9ment principal de la cuisine.<\/p>\n\n\n\n<h2 class=\"wp-block-heading\">Cuisine Weber : l\u2019art de profiter en ext\u00e9rieur<\/h2>\n\n\n\n<figure class=\"wp-block-image size-full\"><img loading=\"lazy\" decoding=\"async\" width=\"850\" height=\"300\" src=\"https:\/\/www.esprit-barbecue.fr\/blog\/wp-content\/uploads\/2023\/12\/cuisine-exterieure-weber-terrasse-couverte.jpg\" alt=\"Cuisine ext\u00e9rieure Weber sur une terrasse couverte\" class=\"wp-image-12625\" srcset=\"https:\/\/www.esprit-barbecue.fr\/blog\/wp-content\/uploads\/2023\/12\/cuisine-exterieure-weber-terrasse-couverte.jpg 850w, https:\/\/www.esprit-barbecue.fr\/blog\/wp-content\/uploads\/2023\/12\/cuisine-exterieure-weber-terrasse-couverte-300x106.jpg 300w, https:\/\/www.esprit-barbecue.fr\/blog\/wp-content\/uploads\/2023\/12\/cuisine-exterieure-weber-terrasse-couverte-768x271.jpg 768w, https:\/\/www.esprit-barbecue.fr\/blog\/wp-content\/uploads\/2023\/12\/cuisine-exterieure-weber-terrasse-couverte-700x247.jpg 700w\" sizes=\"auto, (max-width: 850px) 100vw, 850px\" \/><\/figure>\n\n\n\n<p><strong>Balcon<\/strong>, <strong>terrasse couverte<\/strong> ou au grand air : Weber vous donne l\u2019opportunit\u00e9 de profiter enfin enti\u00e8rement de votre espace outdoor avec cette cuisine ext\u00e9rieure. L\u2019incontournable <strong>coloris noir<\/strong> Weber offre \u00e0 la fois un rendu sobre et \u00e9l\u00e9gant qui s\u2019adapte tr\u00e8s bien \u00e0 tous les types d\u2019ext\u00e9rieur, qu\u2019il soit <strong>urbain<\/strong> (rooftop, balcon) ou <strong>rural<\/strong> (jardin, terrasse). Faites de votre <strong>espace outdoor<\/strong>, la pi\u00e8ce principale de votre habitation pour des moments de convivialit\u00e9 \u00e0 l\u2019infini !<\/p>\n\n\n\n<h2 class=\"wp-block-heading\">La cuisine ext\u00e9rieure Weber en vid\u00e9o<\/h2>\n\n\n\n<figure class=\"wp-block-embed is-type-video is-provider-youtube wp-block-embed-youtube wp-embed-aspect-16-9 wp-has-aspect-ratio\"><div class=\"wp-block-embed__wrapper\">\n<iframe loading=\"lazy\" title=\"Les cuisines ext\u00e9rieures de chez Weber \/\/ Les Durs \u00e0 Cuire \ud83d\udd25\" width=\"640\" height=\"360\" src=\"https:\/\/www.youtube.com\/embed\/5nH_B1b026M?feature=oembed\" frameborder=\"0\" allow=\"accelerometer; autoplay; clipboard-write; encrypted-media; gyroscope; picture-in-picture; web-share\" referrerpolicy=\"strict-origin-when-cross-origin\" allowfullscreen><\/iframe>\n<\/div><\/figure>\n\n\n\n<hr class=\"wp-block-separator has-alpha-channel-opacity\"\/>\n\n\n\n<p>S\u00e9duit par son rendu en photo ? Elle est aussi jolie en vrai ! Vous avez d\u00e9j\u00e0 une id\u00e9e des modules qui s\u2019accorderaient le mieux avec votre espace ?<\/p>\n\n\n\n<p>Disponible prochainement \u00e0 la vente, on a h\u00e2te de pouvoir vous la proposer parmi notre large catalogue de <a href=\"https:\/\/www.esprit-barbecue.fr\/76-cuisine-d-exterieur-plancha\" title=\"cuisine exterieure\">cuisines ext\u00e9rieures<\/a>. Si vous \u00eates plut\u00f4t effet marbre et brasero, on vous invite \u00e0 jeter un oeil \u00e0 notre article sur la <a href=\"https:\/\/www.esprit-barbecue.fr\/blog\/ofyr-lancement-cuisine-exterieure-cozinha\/\" title=\"cuisine ofyr cozinha\">nouvelle cuisine Cozinha OFYR<\/a>.<\/p>\n\n\n\n<p><em><strong>Savoureusement v\u00f4tre,<br>L&#8217;\u00e9quipe d&#8217;Esprit Barbecue.<\/strong><\/em><\/p>\n\n\n\n<hr class=\"wp-block-separator has-alpha-channel-opacity\"\/>\n\n\n<div class=\"wp-block-post-author\"><div class=\"wp-block-post-author__avatar\"><img alt='' src='https:\/\/secure.gravatar.com\/avatar\/8ae3194ff6c9d9d647b8eb3c2b8734850afd93c7d354eb92c3eec21e0c1e8ac1?s=96&#038;d=mm&#038;r=g' srcset='https:\/\/secure.gravatar.com\/avatar\/8ae3194ff6c9d9d647b8eb3c2b8734850afd93c7d354eb92c3eec21e0c1e8ac1?s=192&#038;d=mm&#038;r=g 2x' class='avatar avatar-96 photo' height='96' width='96' \/><\/div><div class=\"wp-block-post-author__content\"><p class=\"wp-block-post-author__name\"><a href=\"https:\/\/www.esprit-barbecue.fr\/blog\/auteur\/clemence\/\" target=\"_self\">Cl\u00e9mence<\/a><\/p><p class=\"wp-block-post-author__bio\">Passionn\u00e9e de cin\u00e9ma, de musique et de concert, je m\u00e9lange mon amour des r\u00e9f\u00e9rences geek \u00e0 ma passion de la vie outdoor. Mon r\u00eave ? Avoir un bras\u00e9ro plancha OFYR dans ma future maison pour cuisiner ma recette pr\u00e9f\u00e9r\u00e9e : le burger de pulled pork avec un max de cheddar.<\/p><\/div><\/div>\n\n\n<hr class=\"wp-block-separator has-alpha-channel-opacity\"\/>\n\n\n<div class=\"taxonomy-post_tag wp-block-post-terms\"><span class=\"wp-block-post-terms__prefix\">TAGS <\/span><a href=\"https:\/\/www.esprit-barbecue.fr\/blog\/tag\/fournisseurs\/\" rel=\"tag\">fournisseurs<\/a><\/div>","protected":false},"excerpt":{"rendered":"<p>Weber investit encore plus les jardins en proposant sa cuisine ext\u00e9rieure avec int\u00e9gration du barbecue. <\/p>\n","protected":false},"author":5,"featured_media":12627,"comment_status":"open","ping_status":"open","sticky":false,"template":"","format":"standard","meta":{"_acf_changed":false,"footnotes":""},"categories":[5],"tags":[213],"class_list":["post-12613","post","type-post","status-publish","format-standard","has-post-thumbnail","hentry","category-actualites","tag-fournisseurs"],"acf":[],"_links":{"self":[{"href":"https:\/\/www.esprit-barbecue.fr\/blog\/wp-json\/wp\/v2\/posts\/12613","targetHints":{"allow":["GET"]}}],"collection":[{"href":"https:\/\/www.esprit-barbecue.fr\/blog\/wp-json\/wp\/v2\/posts"}],"about":[{"href":"https:\/\/www.esprit-barbecue.fr\/blog\/wp-json\/wp\/v2\/types\/post"}],"author":[{"embeddable":true,"href":"https:\/\/www.esprit-barbecue.fr\/blog\/wp-json\/wp\/v2\/users\/5"}],"replies":[{"embeddable":true,"href":"https:\/\/www.esprit-barbecue.fr\/blog\/wp-json\/wp\/v2\/comments?post=12613"}],"version-history":[{"count":17,"href":"https:\/\/www.esprit-barbecue.fr\/blog\/wp-json\/wp\/v2\/posts\/12613\/revisions"}],"predecessor-version":[{"id":13386,"href":"https:\/\/www.esprit-barbecue.fr\/blog\/wp-json\/wp\/v2\/posts\/12613\/revisions\/13386"}],"wp:featuredmedia":[{"embeddable":true,"href":"https:\/\/www.esprit-barbecue.fr\/blog\/wp-json\/wp\/v2\/media\/12627"}],"wp:attachment":[{"href":"https:\/\/www.esprit-barbecue.fr\/blog\/wp-json\/wp\/v2\/media?parent=12613"}],"wp:term":[{"taxonomy":"category","embeddable":true,"href":"https:\/\/www.esprit-barbecue.fr\/blog\/wp-json\/wp\/v2\/categories?post=12613"},{"taxonomy":"post_tag","embeddable":true,"href":"https:\/\/www.esprit-barbecue.fr\/blog\/wp-json\/wp\/v2\/tags?post=12613"}],"curies":[{"name":"wp","href":"https:\/\/api.w.org\/{rel}","templated":true}]}}