{"id":12923,"date":"2024-02-06T08:00:00","date_gmt":"2024-02-06T07:00:00","guid":{"rendered":"https:\/\/www.esprit-barbecue.fr\/blog\/?p=12923"},"modified":"2024-02-05T08:41:27","modified_gmt":"2024-02-05T07:41:27","slug":"visite-showroom-barbecook","status":"publish","type":"post","link":"https:\/\/www.esprit-barbecue.fr\/blog\/visite-showroom-barbecook\/","title":{"rendered":"On a visit\u00e9 le showroom Barbecook !"},"content":{"rendered":"\n\n<div class=\"kk-star-ratings kksr-auto kksr-align-center kksr-valign-top\"\n    data-payload='{&quot;align&quot;:&quot;center&quot;,&quot;id&quot;:&quot;12923&quot;,&quot;slug&quot;:&quot;default&quot;,&quot;valign&quot;:&quot;top&quot;,&quot;ignore&quot;:&quot;&quot;,&quot;reference&quot;:&quot;auto&quot;,&quot;class&quot;:&quot;&quot;,&quot;count&quot;:&quot;6&quot;,&quot;legendonly&quot;:&quot;&quot;,&quot;readonly&quot;:&quot;&quot;,&quot;score&quot;:&quot;4.7&quot;,&quot;starsonly&quot;:&quot;&quot;,&quot;best&quot;:&quot;5&quot;,&quot;gap&quot;:&quot;5&quot;,&quot;greet&quot;:&quot;Notez ce contenu !&quot;,&quot;legend&quot;:&quot;4.7\\\/5 - (6 votes)&quot;,&quot;size&quot;:&quot;24&quot;,&quot;title&quot;:&quot;On a visit\u00e9 le showroom Barbecook !&quot;,&quot;width&quot;:&quot;133.8&quot;,&quot;_legend&quot;:&quot;{score}\\\/{best} - ({count} {votes})&quot;,&quot;font_factor&quot;:&quot;1.25&quot;}'>\n            \n<div class=\"kksr-stars\">\n    \n<div class=\"kksr-stars-inactive\">\n            <div class=\"kksr-star\" data-star=\"1\" style=\"padding-right: 5px\">\n            \n\n<div class=\"kksr-icon\" style=\"width: 24px; height: 24px;\"><\/div>\n        <\/div>\n            <div class=\"kksr-star\" data-star=\"2\" style=\"padding-right: 5px\">\n            \n\n<div class=\"kksr-icon\" style=\"width: 24px; height: 24px;\"><\/div>\n        <\/div>\n            <div class=\"kksr-star\" data-star=\"3\" style=\"padding-right: 5px\">\n            \n\n<div class=\"kksr-icon\" style=\"width: 24px; height: 24px;\"><\/div>\n        <\/div>\n            <div class=\"kksr-star\" data-star=\"4\" style=\"padding-right: 5px\">\n            \n\n<div class=\"kksr-icon\" style=\"width: 24px; height: 24px;\"><\/div>\n        <\/div>\n            <div class=\"kksr-star\" data-star=\"5\" style=\"padding-right: 5px\">\n            \n\n<div class=\"kksr-icon\" style=\"width: 24px; height: 24px;\"><\/div>\n        <\/div>\n    <\/div>\n    \n<div class=\"kksr-stars-active\" style=\"width: 133.8px;\">\n            <div class=\"kksr-star\" style=\"padding-right: 5px\">\n            \n\n<div class=\"kksr-icon\" style=\"width: 24px; height: 24px;\"><\/div>\n        <\/div>\n            <div class=\"kksr-star\" style=\"padding-right: 5px\">\n            \n\n<div class=\"kksr-icon\" style=\"width: 24px; height: 24px;\"><\/div>\n        <\/div>\n            <div class=\"kksr-star\" style=\"padding-right: 5px\">\n            \n\n<div class=\"kksr-icon\" style=\"width: 24px; height: 24px;\"><\/div>\n        <\/div>\n            <div class=\"kksr-star\" style=\"padding-right: 5px\">\n            \n\n<div class=\"kksr-icon\" style=\"width: 24px; height: 24px;\"><\/div>\n        <\/div>\n            <div class=\"kksr-star\" style=\"padding-right: 5px\">\n            \n\n<div class=\"kksr-icon\" style=\"width: 24px; height: 24px;\"><\/div>\n        <\/div>\n    <\/div>\n<\/div>\n                \n\n<div class=\"kksr-legend\" style=\"font-size: 19.2px;\">\n            4.7\/5 - (6 votes)    <\/div>\n    <\/div>\n\n<p><a title=\"Barbecook\" href=\"https:\/\/www.esprit-barbecue.fr\/9__barbecook\" target=\"_blank\" rel=\"noreferrer noopener\">Barbecook<\/a>, marque belge incontournable dans l\u2019univers du barbecue a r\u00e9cemment ouvert les portes de son showroom \u00e0 une partie de la team <a title=\"Esprit Barbecue\" href=\"https:\/\/www.esprit-barbecue.fr\/\">Esprit Barbecue<\/a>. Une invitation qu\u2019on ne pouvait pas refuser ! \ud83d\udc8c<\/p>\n\n\n\n<p>Une journ\u00e9e riche en d\u00e9couvertes qu\u2019on voulait vous partager. Des barbecues charbon aux barbecues gaz, en passant par les bras\u00e9ros, suivez-nous dans cette visite exclusive ! \ud83d\udc47<\/p>\n\n\n\n<hr class=\"wp-block-separator has-alpha-channel-opacity\"\/>\n\n\n\n<h2 class=\"wp-block-heading\">Mais qui est Barbecook ? <\/h2>\n\n\n\n<div class=\"wp-block-columns is-layout-flex wp-container-core-columns-is-layout-9d6595d7 wp-block-columns-is-layout-flex\">\n<div class=\"wp-block-column is-layout-flow wp-block-column-is-layout-flow\">\n<figure class=\"wp-block-image size-full\"><img loading=\"lazy\" decoding=\"async\" width=\"420\" height=\"250\" src=\"https:\/\/www.esprit-barbecue.fr\/blog\/wp-content\/uploads\/2024\/01\/barbecue-charbon-loewy.jpg\" alt=\"Barbecue charbon Loewy Barbecook\" class=\"wp-image-12937\" srcset=\"https:\/\/www.esprit-barbecue.fr\/blog\/wp-content\/uploads\/2024\/01\/barbecue-charbon-loewy.jpg 420w, https:\/\/www.esprit-barbecue.fr\/blog\/wp-content\/uploads\/2024\/01\/barbecue-charbon-loewy-300x179.jpg 300w\" sizes=\"auto, (max-width: 420px) 100vw, 420px\" \/><\/figure>\n<\/div>\n\n\n\n<div class=\"wp-block-column is-layout-flow wp-block-column-is-layout-flow\">\n<p>Pr\u00e9sente sur le march\u00e9 du barbecue depuis <strong>1985<\/strong>, vous connaissez s\u00fbrement cette <strong>marque belge<\/strong> : Barbecook ! \ud83c\udde7\ud83c\uddea Il y a 40 ans, elle lan\u00e7ait son tr\u00e8s connu <strong>barbecue charbon Loewy<\/strong>. Ce qui en a fait sa renomm\u00e9e ? La chemin\u00e9e d\u2019allumage int\u00e9gr\u00e9e dans le pied du barbecue.<\/p>\n<\/div>\n<\/div>\n\n\n\n<p>Barbecook est aussi<strong> \u00e0 l\u2019origine des tiroirs r\u00e9cup\u00e9rateurs<\/strong> de graisses des barbecues gaz. Une fonctionnalit\u00e9 maintenant adopt\u00e9e par les plus grands fabricants de barbecue !<\/p>\n\n\n\n<p>Aujourd\u2019hui, elle propose une <strong>grande vari\u00e9t\u00e9 d\u2019outils<\/strong> de cuisson ext\u00e9rieur : barbecues gaz, \u00e9lectrique, charbon, des kamados, des braseros et des fumoirs. Avec des tailles, des mati\u00e8res et des formes diff\u00e9rentes et pour tous les budgets. On trouve toujours de quoi se faire plaisir chez Barbecook !<\/p>\n\n\n\n<div class=\"wp-block-columns is-layout-flex wp-container-core-columns-is-layout-9d6595d7 wp-block-columns-is-layout-flex\">\n<div class=\"wp-block-column is-layout-flow wp-block-column-is-layout-flow\">\n<figure class=\"wp-block-image size-full\"><img loading=\"lazy\" decoding=\"async\" width=\"420\" height=\"280\" src=\"https:\/\/www.esprit-barbecue.fr\/blog\/wp-content\/uploads\/2024\/01\/fumoir-a-eau-oskar-barbecook.jpg\" alt=\"Fumoir \u00e0 eau Barbecook\" class=\"wp-image-12941\" srcset=\"https:\/\/www.esprit-barbecue.fr\/blog\/wp-content\/uploads\/2024\/01\/fumoir-a-eau-oskar-barbecook.jpg 420w, https:\/\/www.esprit-barbecue.fr\/blog\/wp-content\/uploads\/2024\/01\/fumoir-a-eau-oskar-barbecook-300x200.jpg 300w\" sizes=\"auto, (max-width: 420px) 100vw, 420px\" \/><\/figure>\n<\/div>\n\n\n\n<div class=\"wp-block-column is-layout-flow wp-block-column-is-layout-flow\">\n<p><strong>La marque donne naissance \u00e0 des best sellers<\/strong> comme le fumoir \u00e0 eau Oskar, un incontournable qu\u2019on ne pr\u00e9sente plus. \ud83e\udd47 Parmi les produits r\u00e9cents, le lancement du brasero plancha Nestor est un r\u00e9el succ\u00e8s. La marque prouve une nouvelle fois qu\u2019elle sait s&#8217;adapter aux tendances du march\u00e9 et aux attentes des consommateurs.<\/p>\n<\/div>\n<\/div>\n\n\n\n<p>Pour compl\u00e9ter ces appareils, Barbecook propose une <strong>gamme de plus de 200 accessoires <\/strong>pour mener \u00e0 bien toutes vos envies culinaires ! Entre accessoires d\u2019allumage, de cuisson et de nettoyage, vous trouverez forc\u00e9ment votre bonheur.<\/p>\n\n\n\n<h2 class=\"wp-block-heading\">La visite du showroom de Barbecook ! <\/h2>\n\n\n\n<div class=\"wp-block-columns is-layout-flex wp-container-core-columns-is-layout-9d6595d7 wp-block-columns-is-layout-flex\">\n<div class=\"wp-block-column is-layout-flow wp-block-column-is-layout-flow\">\n<figure class=\"wp-block-image size-full\"><img loading=\"lazy\" decoding=\"async\" width=\"420\" height=\"300\" src=\"https:\/\/www.esprit-barbecue.fr\/blog\/wp-content\/uploads\/2024\/01\/visite-entrepot-barbecook.jpg\" alt=\"Visite des entrep\u00f4t Barbecook\" class=\"wp-image-12962\" srcset=\"https:\/\/www.esprit-barbecue.fr\/blog\/wp-content\/uploads\/2024\/01\/visite-entrepot-barbecook.jpg 420w, https:\/\/www.esprit-barbecue.fr\/blog\/wp-content\/uploads\/2024\/01\/visite-entrepot-barbecook-300x214.jpg 300w, https:\/\/www.esprit-barbecue.fr\/blog\/wp-content\/uploads\/2024\/01\/visite-entrepot-barbecook-350x250.jpg 350w\" sizes=\"auto, (max-width: 420px) 100vw, 420px\" \/><\/figure>\n<\/div>\n\n\n\n<div class=\"wp-block-column is-layout-flow wp-block-column-is-layout-flow\">\n<p>Nous avons \u00e9t\u00e9 accueillis par R\u00e9mi Bichot, Directeur Commercial, et David Burgraeve, Commercial Terrain.<\/p>\n\n\n\n<p>Nos guides du jour nous invitent \u00e0 les suivre dans le gigantesque <strong>entrep\u00f4t <\/strong>de plus de <strong>16 000 m\u00b2<\/strong>. Ce dernier assure le stockage de tous les produits qui seront prochainement exp\u00e9di\u00e9s chez vous ! \ud83d\udce6<\/p>\n<\/div>\n<\/div>\n\n\n\n<p>La matin\u00e9e s\u2019est poursuivie par la visite du <strong>showroom <\/strong>Barbecook. Dans cet espace de plus de<strong> 600 m\u00b2 <\/strong>est expos\u00e9 chaque produit, rang\u00e9 par secteur. L\u2019occasion de vous parler des derni\u00e8res nouveaut\u00e9s.<\/p>\n\n\n\n<h3 class=\"wp-block-heading\">Des barbecues charbon en avant-premi\u00e8re ! <\/h3>\n\n\n\n<div class=\"wp-block-columns is-layout-flex wp-container-core-columns-is-layout-9d6595d7 wp-block-columns-is-layout-flex\">\n<div class=\"wp-block-column is-layout-flow wp-block-column-is-layout-flow\">\n<div class=\"wp-block-columns is-layout-flex wp-container-core-columns-is-layout-9d6595d7 wp-block-columns-is-layout-flex\">\n<div class=\"wp-block-column is-layout-flow wp-block-column-is-layout-flow\">\n<figure class=\"wp-block-image size-full\"><img loading=\"lazy\" decoding=\"async\" width=\"421\" height=\"550\" src=\"https:\/\/www.esprit-barbecue.fr\/blog\/wp-content\/uploads\/2024\/01\/barbecue-charbon-magnus-premium-barbecook.jpg\" alt=\"Barbecue charbon Magnus Premium expos\u00e9 au showroom Barbecook\" class=\"wp-image-12928\" srcset=\"https:\/\/www.esprit-barbecue.fr\/blog\/wp-content\/uploads\/2024\/01\/barbecue-charbon-magnus-premium-barbecook.jpg 421w, https:\/\/www.esprit-barbecue.fr\/blog\/wp-content\/uploads\/2024\/01\/barbecue-charbon-magnus-premium-barbecook-230x300.jpg 230w\" sizes=\"auto, (max-width: 421px) 100vw, 421px\" \/><\/figure>\n<\/div>\n<\/div>\n<\/div>\n\n\n\n<div class=\"wp-block-column is-layout-flow wp-block-column-is-layout-flow\">\n<p>Le retour du<strong> barbecue charbon Edson. <\/strong>Nous l\u2019avions connu, il y a quelques ann\u00e9es, chez Esprit Barbecue. Son look industriel et son nouveau coloris vert militaire vont en ravir plus d\u2019un. Livr\u00e9 avec un couvercle, il peut aussi bien \u00eatre utilis\u00e9 comme barbecue que faire office de mange debout lors de soir\u00e9es entre amis !<\/p>\n\n\n\n<p>Mention sp\u00e9ciale pour le tout nouveau <strong>barbecue charbon Magnus<\/strong> ! Son format rectangulaire r\u00e9pond \u00e0 une demande grandissante des utilisateurs. Disponible en 3 d\u00e9clinaisons, chacun y trouve son barbecue id\u00e9al ! Pour diversifier vos recettes, il existe d\u2019ores et d\u00e9j\u00e0 des accessoires comme un four \u00e0 pizza \ud83c\udf55 ou le tournebroche \ud83c\udf57.<\/p>\n<\/div>\n<\/div>\n\n\n\n<h3 class=\"wp-block-heading\">Les barbecues gaz Siesta reviennent chez nous ! <\/h3>\n\n\n\n<div class=\"wp-block-columns is-layout-flex wp-container-core-columns-is-layout-9d6595d7 wp-block-columns-is-layout-flex\">\n<div class=\"wp-block-column is-layout-flow wp-block-column-is-layout-flow\">\n<p>\ud83d\udce3 Autre grand retour triomphal : les <strong>barbecues gaz Barbecook Siesta.<\/strong> Tout de noir v\u00eatu, ces mod\u00e8les nous ont s\u00e9duits au premier regard dans leur nouveau look. Disponibles en 3 tailles (2, 3 et 4 br\u00fbleurs), ils disposent chacun d\u2019un r\u00e9chaud lat\u00e9ral. Parfait pour pr\u00e9parer un repas complet !<\/p>\n<\/div>\n\n\n\n<div class=\"wp-block-column is-layout-flow wp-block-column-is-layout-flow\">\n<figure class=\"wp-block-image size-full\"><img loading=\"lazy\" decoding=\"async\" width=\"420\" height=\"250\" src=\"https:\/\/www.esprit-barbecue.fr\/blog\/wp-content\/uploads\/2024\/01\/barbecue-gaz-siesta-barbecook.jpg\" alt=\"Barbecue gaz Siesta 2 br\u00fbleurs Barbecook\" class=\"wp-image-12945\" srcset=\"https:\/\/www.esprit-barbecue.fr\/blog\/wp-content\/uploads\/2024\/01\/barbecue-gaz-siesta-barbecook.jpg 420w, https:\/\/www.esprit-barbecue.fr\/blog\/wp-content\/uploads\/2024\/01\/barbecue-gaz-siesta-barbecook-300x179.jpg 300w\" sizes=\"auto, (max-width: 420px) 100vw, 420px\" \/><\/figure>\n<\/div>\n<\/div>\n\n\n\n<h3 class=\"wp-block-heading\">Des bras\u00e9ros polyvalents et conviviaux<\/h3>\n\n\n\n<p>Barbecook, c\u2019est aussi une multitude de bras\u00e9ros en tout genre ! \ud83d\udd25 Le <strong>brasero plancha Nestor<\/strong>, arriv\u00e9 sur le march\u00e9 en 2023, continue de captiver. Cette ann\u00e9e, Barbecook enrichit son offre avec des accessoires tels qu\u2019un four \u00e0 pizza ou une table d\u2019appoint.<\/p>\n\n\n\n<p>Le dernier-n\u00e9 de la famille est le brasero Jules. Gr\u00e2ce \u00e0 sa compatibilit\u00e9 avec les accessoires Dynamic Center, sert aussi bien de chauffage ext\u00e9rieur que d\u2019outil de cuisson.<\/p>\n\n\n\n<h3 class=\"wp-block-heading\">Un moment de partage avec les \u00e9quipes Barbecook<\/h3>\n\n\n\n<div class=\"wp-block-columns is-layout-flex wp-container-core-columns-is-layout-9d6595d7 wp-block-columns-is-layout-flex\">\n<div class=\"wp-block-column is-layout-flow wp-block-column-is-layout-flow\">\n<figure class=\"wp-block-image size-full\"><img loading=\"lazy\" decoding=\"async\" width=\"421\" height=\"425\" src=\"https:\/\/www.esprit-barbecue.fr\/blog\/wp-content\/uploads\/2024\/01\/repas-brasero-nestor-barbecook.jpg\" alt=\"Pr\u00e9paration du repas sur le bras\u00e9ro Nestor en acier corten Barbecook\" class=\"wp-image-12932\" srcset=\"https:\/\/www.esprit-barbecue.fr\/blog\/wp-content\/uploads\/2024\/01\/repas-brasero-nestor-barbecook.jpg 421w, https:\/\/www.esprit-barbecue.fr\/blog\/wp-content\/uploads\/2024\/01\/repas-brasero-nestor-barbecook-297x300.jpg 297w, https:\/\/www.esprit-barbecue.fr\/blog\/wp-content\/uploads\/2024\/01\/repas-brasero-nestor-barbecook-150x150.jpg 150w\" sizes=\"auto, (max-width: 421px) 100vw, 421px\" \/><\/figure>\n<\/div>\n\n\n\n<div class=\"wp-block-column is-layout-flow wp-block-column-is-layout-flow\">\n<p>Pour accompagner cette visite, Barbecook nous a carr\u00e9ment pr\u00e9par\u00e9 un repas de roi ! \ud83d\udc51<\/p>\n\n\n\n<p>On a commenc\u00e9 par une <a title=\"tartiflette au barbecue\" href=\"https:\/\/www.esprit-barbecue.fr\/blog\/tartiflette-au-barbecue\/\" target=\"_blank\" rel=\"noreferrer noopener\">tartiflette<\/a> sur le barbecue charbon Magnus. Si on avait des doutes sur ce barbecue, ils se sont envol\u00e9s aussi vite qu\u2019on a fini notre tartiflette. \ud83e\uddc0<\/p>\n\n\n\n<p>Ensuite des saucisses et l\u00e9gumes grill\u00e9s sur le bras\u00e9ro Nestor ! C\u2019\u00e9tait juste trop bon !<\/p>\n\n\n\n<p>Et pour finir, tenez vous bien, duel de brochettes de <a title=\"comment faire griller ses chamallows\" href=\"https:\/\/www.esprit-barbecue.fr\/blog\/faire-griller-ses-marshmallows-tout-un-art\/\" target=\"_blank\" rel=\"noreferrer noopener\">chamallows grill\u00e9s<\/a> autour du feu ! \ud83c\udf61<\/p>\n<\/div>\n<\/div>\n\n\n\n<hr class=\"wp-block-separator has-alpha-channel-opacity\"\/>\n\n\n\n<p>Comme vous venez de le voir, l\u2019ann\u00e9e 2024 s\u2019annonce riche en nouveaut\u00e9s chez Barbecook !<\/p>\n\n\n\n<p>Vous avez des questions sur les barbecues Barbecook ? \ud83e\udd14 Dites-nous tout en commentaire, nous r\u00e9pondons \u00e0 tout le monde !<\/p>\n\n\n\n<p>\ud83d\udcf9 Retrouvez toute la visite en <a href=\"https:\/\/youtu.be\/Ltk46egG5XQ?feature=shared\" title=\"visite des showroom Barbecook en vid\u00e9o\" target=\"_blank\" rel=\"noopener\">vid\u00e9o<\/a> avec Camille, notre responsable magasin !<\/p>\n\n\n\n<p>Disponibles prochainement sur notre site Internet, n\u2019h\u00e9sitez pas \u00e0 consulter les <a href=\"https:\/\/www.esprit-barbecue.fr\/9__barbecook\" target=\"_blank\" rel=\"noreferrer noopener\" title=\"produits Barbecook\">barbecues Barbecook<\/a> d\u2019ores et d\u00e9j\u00e0 disponibles \u00e0 la vente !<\/p>\n\n\n\n<p>Pour encore plus d<a href=\"https:\/\/www.esprit-barbecue.fr\/blog\/category\/actualites\/\" target=\"_blank\" rel=\"noreferrer noopener\" title=\"actualit\u00e9s\">\u2019actualit\u00e9s<\/a> barbecue, consultez notre article sur les <a href=\"https:\/\/www.esprit-barbecue.fr\/blog\/nouveau-barbecue-gaz-weber-2024\/\" target=\"_blank\" rel=\"noreferrer noopener\" title=\"les nouveaux barbecues gaz Weber 2024\">nouveaux barbecues gaz Weber<\/a> !<\/p>\n\n\n\n<p><em><strong>Savoureusement v\u00f4tre,<br>L&#8217;\u00e9quipe d&#8217;Esprit Barbecue.<\/strong><\/em><\/p>\n\n\n\n<hr class=\"wp-block-separator has-alpha-channel-opacity\"\/>\n\n\n<div class=\"wp-block-post-author\"><div class=\"wp-block-post-author__avatar\"><img alt='' src='https:\/\/secure.gravatar.com\/avatar\/eea22d475bd5da21e6a807e3201a8871659489b191f699e2e82a454b30b1114b?s=96&#038;d=mm&#038;r=g' srcset='https:\/\/secure.gravatar.com\/avatar\/eea22d475bd5da21e6a807e3201a8871659489b191f699e2e82a454b30b1114b?s=192&#038;d=mm&#038;r=g 2x' class='avatar avatar-96 photo' height='96' width='96' \/><\/div><div class=\"wp-block-post-author__content\"><p class=\"wp-block-post-author__name\"><a href=\"https:\/\/www.esprit-barbecue.fr\/blog\/auteur\/lea\/\" target=\"_self\">L\u00e9a<\/a><\/p><p class=\"wp-block-post-author__bio\">Fan inconditionnelle de jeux vid\u00e9os, de festivals de musique et de voyages, j\u2019adore cuisiner quelques tapas \u00e0 partager avec mes amis. Mon r\u00eave ultime ? Profiter d\u2019une cuisine ext\u00e9rieure Tontons Grilleurs avec un barbecue charbon pour r\u00f4tir un d\u00e9licieux camembert avec quelques pommes de terre.<\/p><\/div><\/div>\n\n\n<hr class=\"wp-block-separator has-alpha-channel-opacity\"\/>\n\n\n<div class=\"taxonomy-post_tag wp-block-post-terms\"><span class=\"wp-block-post-terms__prefix\">TAGS <\/span><a href=\"https:\/\/www.esprit-barbecue.fr\/blog\/tag\/fournisseurs\/\" rel=\"tag\">fournisseurs<\/a><\/div>","protected":false},"excerpt":{"rendered":"<p>Barbecook, marque belge incontournable dans l\u2019univers du barbecue a r\u00e9cemment ouvert les portes de son showroom \u00e0 une partie de [&hellip;]<\/p>\n","protected":false},"author":8,"featured_media":12958,"comment_status":"open","ping_status":"open","sticky":false,"template":"","format":"standard","meta":{"_acf_changed":false,"footnotes":""},"categories":[5],"tags":[213],"class_list":["post-12923","post","type-post","status-publish","format-standard","has-post-thumbnail","hentry","category-actualites","tag-fournisseurs"],"acf":[],"_links":{"self":[{"href":"https:\/\/www.esprit-barbecue.fr\/blog\/wp-json\/wp\/v2\/posts\/12923","targetHints":{"allow":["GET"]}}],"collection":[{"href":"https:\/\/www.esprit-barbecue.fr\/blog\/wp-json\/wp\/v2\/posts"}],"about":[{"href":"https:\/\/www.esprit-barbecue.fr\/blog\/wp-json\/wp\/v2\/types\/post"}],"author":[{"embeddable":true,"href":"https:\/\/www.esprit-barbecue.fr\/blog\/wp-json\/wp\/v2\/users\/8"}],"replies":[{"embeddable":true,"href":"https:\/\/www.esprit-barbecue.fr\/blog\/wp-json\/wp\/v2\/comments?post=12923"}],"version-history":[{"count":28,"href":"https:\/\/www.esprit-barbecue.fr\/blog\/wp-json\/wp\/v2\/posts\/12923\/revisions"}],"predecessor-version":[{"id":12976,"href":"https:\/\/www.esprit-barbecue.fr\/blog\/wp-json\/wp\/v2\/posts\/12923\/revisions\/12976"}],"wp:featuredmedia":[{"embeddable":true,"href":"https:\/\/www.esprit-barbecue.fr\/blog\/wp-json\/wp\/v2\/media\/12958"}],"wp:attachment":[{"href":"https:\/\/www.esprit-barbecue.fr\/blog\/wp-json\/wp\/v2\/media?parent=12923"}],"wp:term":[{"taxonomy":"category","embeddable":true,"href":"https:\/\/www.esprit-barbecue.fr\/blog\/wp-json\/wp\/v2\/categories?post=12923"},{"taxonomy":"post_tag","embeddable":true,"href":"https:\/\/www.esprit-barbecue.fr\/blog\/wp-json\/wp\/v2\/tags?post=12923"}],"curies":[{"name":"wp","href":"https:\/\/api.w.org\/{rel}","templated":true}]}}