{"id":13036,"date":"2024-03-28T09:00:00","date_gmt":"2024-03-28T08:00:00","guid":{"rendered":"https:\/\/www.esprit-barbecue.fr\/blog\/?p=13036"},"modified":"2024-03-01T08:37:32","modified_gmt":"2024-03-01T07:37:32","slug":"brochettes-de-chou-fleur-a-la-plancha","status":"publish","type":"post","link":"https:\/\/www.esprit-barbecue.fr\/blog\/brochettes-de-chou-fleur-a-la-plancha\/","title":{"rendered":"Brochettes de chou-fleur \u00e0 la plancha"},"content":{"rendered":"\n\n<div class=\"kk-star-ratings kksr-auto kksr-align-center kksr-valign-top\"\n    data-payload='{&quot;align&quot;:&quot;center&quot;,&quot;id&quot;:&quot;13036&quot;,&quot;slug&quot;:&quot;default&quot;,&quot;valign&quot;:&quot;top&quot;,&quot;ignore&quot;:&quot;&quot;,&quot;reference&quot;:&quot;auto&quot;,&quot;class&quot;:&quot;&quot;,&quot;count&quot;:&quot;8&quot;,&quot;legendonly&quot;:&quot;&quot;,&quot;readonly&quot;:&quot;&quot;,&quot;score&quot;:&quot;4.6&quot;,&quot;starsonly&quot;:&quot;&quot;,&quot;best&quot;:&quot;5&quot;,&quot;gap&quot;:&quot;5&quot;,&quot;greet&quot;:&quot;Notez ce contenu !&quot;,&quot;legend&quot;:&quot;4.6\\\/5 - (8 votes)&quot;,&quot;size&quot;:&quot;24&quot;,&quot;title&quot;:&quot;Brochettes de chou-fleur \u00e0 la plancha&quot;,&quot;width&quot;:&quot;130.9&quot;,&quot;_legend&quot;:&quot;{score}\\\/{best} - ({count} {votes})&quot;,&quot;font_factor&quot;:&quot;1.25&quot;}'>\n            \n<div class=\"kksr-stars\">\n    \n<div class=\"kksr-stars-inactive\">\n            <div class=\"kksr-star\" data-star=\"1\" style=\"padding-right: 5px\">\n            \n\n<div class=\"kksr-icon\" style=\"width: 24px; height: 24px;\"><\/div>\n        <\/div>\n            <div class=\"kksr-star\" data-star=\"2\" style=\"padding-right: 5px\">\n            \n\n<div class=\"kksr-icon\" style=\"width: 24px; height: 24px;\"><\/div>\n        <\/div>\n            <div class=\"kksr-star\" data-star=\"3\" style=\"padding-right: 5px\">\n            \n\n<div class=\"kksr-icon\" style=\"width: 24px; height: 24px;\"><\/div>\n        <\/div>\n            <div class=\"kksr-star\" data-star=\"4\" style=\"padding-right: 5px\">\n            \n\n<div class=\"kksr-icon\" style=\"width: 24px; height: 24px;\"><\/div>\n        <\/div>\n            <div class=\"kksr-star\" data-star=\"5\" style=\"padding-right: 5px\">\n            \n\n<div class=\"kksr-icon\" style=\"width: 24px; height: 24px;\"><\/div>\n        <\/div>\n    <\/div>\n    \n<div class=\"kksr-stars-active\" style=\"width: 130.9px;\">\n            <div class=\"kksr-star\" style=\"padding-right: 5px\">\n            \n\n<div class=\"kksr-icon\" style=\"width: 24px; height: 24px;\"><\/div>\n        <\/div>\n            <div class=\"kksr-star\" style=\"padding-right: 5px\">\n            \n\n<div class=\"kksr-icon\" style=\"width: 24px; height: 24px;\"><\/div>\n        <\/div>\n            <div class=\"kksr-star\" style=\"padding-right: 5px\">\n            \n\n<div class=\"kksr-icon\" style=\"width: 24px; height: 24px;\"><\/div>\n        <\/div>\n            <div class=\"kksr-star\" style=\"padding-right: 5px\">\n            \n\n<div class=\"kksr-icon\" style=\"width: 24px; height: 24px;\"><\/div>\n        <\/div>\n            <div class=\"kksr-star\" style=\"padding-right: 5px\">\n            \n\n<div class=\"kksr-icon\" style=\"width: 24px; height: 24px;\"><\/div>\n        <\/div>\n    <\/div>\n<\/div>\n                \n\n<div class=\"kksr-legend\" style=\"font-size: 19.2px;\">\n            4.6\/5 - (8 votes)    <\/div>\n    <\/div>\n\n<p>Aujourd\u2019hui, <a href=\"https:\/\/www.esprit-barbecue.fr\/\" title=\"esprit barbecue\">Esprit Barbecue<\/a> vous propose de ramener sur le devant de la sc\u00e8ne, le champion des l\u00e9gumes crucif\u00e8res : le chou-fleur. Pour lui apporter de la gourmandise, nous allons cuisiner des <strong>brochettes de chou-fleur<\/strong> et r\u00e9aliser cette <a href=\"https:\/\/www.esprit-barbecue.fr\/blog\/category\/recettes\/plancha\/\" title=\"recette plancha\">recette \u00e0 la plancha<\/a>.<\/p>\n\n\n\n<p>Pour casser l\u2019amertume du l\u00e9gume, le passage dans une marinade \u00e0 base d\u2019huile d\u2019olive, de cumin, de curcuma et de paprika fum\u00e9 est parfaitement adapt\u00e9. De quoi faire vibrer les papilles de vos invit\u00e9s, petits et grands !<\/p>\n\n\n\n<p>Fini le temps o\u00f9 les l\u00e9gumes faisaient de la figuration sur nos grils ! Parce que oui, la tendance est \u00e0 la verdeur sur la plancha et le chou-fleur est notre invit\u00e9 star. Pr\u00e9parez-vous \u00e0 \u00eatre s\u00e9duit par cette recette simple mais terriblement efficace, qui va faire de vous un v\u00e9ritable artiste de la cuisine ext\u00e9rieure. Si ces pr\u00e9parations vous mettent l&#8217;eau \u00e0 la bouche, attendez de voir nos <a title=\"brochettes boeuf plancha\" href=\"https:\/\/www.esprit-barbecue.fr\/blog\/brochettes-de-boeuf-epicees\/\">brochettes de b\u0153uf \u00e0 la plancha<\/a> qui sont aussi \u00e0 tomber !<\/p>\n\n\n\n<hr class=\"wp-block-separator has-alpha-channel-opacity\"\/>\n\n\n\n<figure class=\"wp-block-table\"><table><tbody><tr><td>Temps de pr\u00e9paration : 15 min<\/td><td>Temps de cuisson : 10 min<\/td><td>Nombre de personnes : 4<\/td><\/tr><\/tbody><\/table><\/figure>\n\n\n\n<h2 class=\"wp-block-heading\">Ingr\u00e9dients<\/h2>\n\n\n\n<ul class=\"wp-block-list\">\n<li>1 chou-fleur moyen<\/li>\n\n\n\n<li>2 c.\u00e0.s d&#8217;huile d&#8217;olive<\/li>\n\n\n\n<li>1 c.\u00e0.c de paprika fum\u00e9<\/li>\n\n\n\n<li>1 c.\u00e0.c de curcuma<\/li>\n\n\n\n<li>1 c.\u00e0.c de cumin moulu<\/li>\n\n\n\n<li>Sel<\/li>\n\n\n\n<li>Poivre noir moulu<\/li>\n\n\n\n<li>1 citron jaune<\/li>\n\n\n\n<li>Persil frais hach\u00e9<\/li>\n<\/ul>\n\n\n\n<h2 class=\"wp-block-heading\">Recette des brochettes de chou-fleur \u00e0 la plancha<\/h2>\n\n\n\n<h3 class=\"wp-block-heading\">Pr\u00e9paration du chou-fleur<\/h3>\n\n\n\n<ol class=\"wp-block-list\">\n<li>Nettoyez le chou-fleur et coupez les feuilles autour du pied.<\/li>\n\n\n\n<li>Frappez d\u2019un coup vif le chou-fleur sur la planche \u00e0 d\u00e9couper. D\u00e9tachez les bouquets et retirez le pied.<\/li>\n\n\n\n<li>Coupez chaque bouquet de chou-fleur en 2.<\/li>\n\n\n\n<li>Faites-les blanchir dans une casserole d\u2019eau bouillante sal\u00e9e pendant 2-3 minutes.<\/li>\n\n\n\n<li>Une fois cuits, plongez-les dans un saladier d\u2019eau glac\u00e9e pour stopper la cuisson.<\/li>\n\n\n\n<li>Egouttez-les et laissez s\u00e9cher.<\/li>\n<\/ol>\n\n\n\n<h3 class=\"wp-block-heading\">Pr\u00e9paration de la marinade<\/h3>\n\n\n\n<ol class=\"wp-block-list\">\n<li>Hachez finement le persil.<\/li>\n\n\n\n<li>Pressez le citron et r\u00e9servez le jus dans un bol pour la cuisson.<\/li>\n\n\n\n<li>Dans un grand bol, m\u00e9langez l\u2019huile d\u2019olive, le paprika fum\u00e9, le curcuma, le cumin, le persil, le sel et le poivre.<\/li>\n\n\n\n<li>Ajoutez le chou-fleur d\u00e9coup\u00e9 dans la marinade et remuez bien pour les enrober.<\/li>\n<\/ol>\n\n\n\n<h3 class=\"wp-block-heading\">Montage des brochettes<\/h3>\n\n\n\n<ol class=\"wp-block-list\">\n<li>Pr\u00e9chauffez la plancha \u00e0 feu moyen-vif.<\/li>\n\n\n\n<li>Enfilez les demi-bouquets de chou-fleur marin\u00e9s sur des pics \u00e0 brochettes en les espa\u00e7ant r\u00e9guli\u00e8rement.<\/li>\n<\/ol>\n\n\n\n<h3 class=\"wp-block-heading\">Cuisson des brochettes de chou-fleur marin\u00e9<\/h3>\n\n\n\n<ol class=\"wp-block-list\">\n<li>D\u00e9posez chaque brochette sur la plancha chaude.<\/li>\n\n\n\n<li>Laissez cuire 5 minutes de chaque c\u00f4t\u00e9 ou jusqu\u2019\u00e0 ce que les demi-bouquets soient tendres et bien color\u00e9s.<\/li>\n\n\n\n<li>Arrosez les brochettes avec le jus de citron juste avant de le retirer de la plaque.<\/li>\n<\/ol>\n\n\n\n<p>Vos <strong>brochettes de chou-fleur marin\u00e9 \u00e0 la plancha<\/strong> sont pr\u00eates \u00e0 \u00eatre d\u00e9gust\u00e9es !<\/p>\n\n\n\n<h2 class=\"wp-block-heading\">Les conseils du chef<\/h2>\n\n\n\n<ul class=\"wp-block-list\">\n<li>Donnez encore plus de caract\u00e8re \u00e0 vos brochettes en ajoutant un pinceau de sauce tahini dilu\u00e9e avec un peu d&#8217;eau avant de les servir.<\/li>\n\n\n\n<li>Pour un m\u00e9lange de textures et de saveurs, alternez sur les brochettes des morceaux de chou-fleur avec d&#8217;autres l\u00e9gumes comme des tomates cerises ou des morceaux de poivron.<\/li>\n\n\n\n<li>Les <strong>brochettes de l\u00e9gumes<\/strong> peuvent \u00eatre un excellent accompagnement pour des plats de viande ou de poisson grill\u00e9s.<\/li>\n\n\n\n<li>N&#8217;oubliez pas de faire tremper les brochettes en bois dans l&#8217;eau pendant 30 minutes avant de les utiliser pour qu&#8217;elles ne br\u00fblent pas sur la plancha.<\/li>\n<\/ul>\n\n\n\n<p>L&#8217;esth\u00e9tique des <strong>brochettes<\/strong> et le fondant du <strong>chou-fleur<\/strong> vous feront presque oublier votre d\u00e9samour des l\u00e9gumes. C&#8217;est la magie de la <strong>plancha<\/strong>, qui transforme l&#8217;ordinaire en extraordinaire ! Allez, on sort, on grille et on se r\u00e9gale ! \ud83c\udf31\ud83d\udd25\ud83c\udf62<\/p>\n\n\n\n<p><em><strong>Savoureusement v\u00f4tre,<br>L&#8217;\u00e9quipe d&#8217;Esprit Barbecue.<\/strong><\/em><\/p>\n\n\n\n<hr class=\"wp-block-separator has-alpha-channel-opacity\"\/>\n\n\n<div class=\"wp-block-post-author\"><div class=\"wp-block-post-author__avatar\"><img alt='' src='https:\/\/secure.gravatar.com\/avatar\/8ae3194ff6c9d9d647b8eb3c2b8734850afd93c7d354eb92c3eec21e0c1e8ac1?s=96&#038;d=mm&#038;r=g' srcset='https:\/\/secure.gravatar.com\/avatar\/8ae3194ff6c9d9d647b8eb3c2b8734850afd93c7d354eb92c3eec21e0c1e8ac1?s=192&#038;d=mm&#038;r=g 2x' class='avatar avatar-96 photo' height='96' width='96' \/><\/div><div class=\"wp-block-post-author__content\"><p class=\"wp-block-post-author__name\"><a href=\"https:\/\/www.esprit-barbecue.fr\/blog\/auteur\/clemence\/\" target=\"_self\">Cl\u00e9mence<\/a><\/p><p class=\"wp-block-post-author__bio\">Passionn\u00e9e de cin\u00e9ma, de musique et de concert, je m\u00e9lange mon amour des r\u00e9f\u00e9rences geek \u00e0 ma passion de la vie outdoor. Mon r\u00eave ? Avoir un bras\u00e9ro plancha OFYR dans ma future maison pour cuisiner ma recette pr\u00e9f\u00e9r\u00e9e : le burger de pulled pork avec un max de cheddar.<\/p><\/div><\/div>\n\n\n<hr class=\"wp-block-separator has-alpha-channel-opacity\"\/>\n\n\n<div class=\"taxonomy-post_tag wp-block-post-terms\"><span class=\"wp-block-post-terms__prefix\">TAGS <\/span><a href=\"https:\/\/www.esprit-barbecue.fr\/blog\/tag\/accompagnement-barbecue\/\" rel=\"tag\">accompagnement barbecue<\/a><span class=\"wp-block-post-terms__separator\">, <\/span><a href=\"https:\/\/www.esprit-barbecue.fr\/blog\/tag\/entree\/\" rel=\"tag\">entr\u00e9e<\/a><span class=\"wp-block-post-terms__separator\">, <\/span><a href=\"https:\/\/www.esprit-barbecue.fr\/blog\/tag\/legumes\/\" rel=\"tag\">l\u00e9gumes<\/a><span class=\"wp-block-post-terms__separator\">, <\/span><a href=\"https:\/\/www.esprit-barbecue.fr\/blog\/tag\/plancha\/\" rel=\"tag\">plancha<\/a><span class=\"wp-block-post-terms__separator\">, <\/span><a href=\"https:\/\/www.esprit-barbecue.fr\/blog\/tag\/vegetarien\/\" rel=\"tag\">v\u00e9g\u00e9tarien<\/a><\/div>","protected":false},"excerpt":{"rendered":"<p>D\u00e9couvrez une nouvelle fa\u00e7on de cuisiner avec cette recette \u00e0 la plancha de brochettes de chou-fleur marin\u00e9.<\/p>\n","protected":false},"author":5,"featured_media":13044,"comment_status":"open","ping_status":"open","sticky":false,"template":"","format":"standard","meta":{"_acf_changed":false,"footnotes":""},"categories":[14,12],"tags":[225,197,113,142,169],"class_list":["post-13036","post","type-post","status-publish","format-standard","has-post-thumbnail","hentry","category-recettes","category-plancha","tag-accompagnement-barbecue","tag-entree","tag-legumes","tag-plancha","tag-vegetarien"],"acf":[],"_links":{"self":[{"href":"https:\/\/www.esprit-barbecue.fr\/blog\/wp-json\/wp\/v2\/posts\/13036","targetHints":{"allow":["GET"]}}],"collection":[{"href":"https:\/\/www.esprit-barbecue.fr\/blog\/wp-json\/wp\/v2\/posts"}],"about":[{"href":"https:\/\/www.esprit-barbecue.fr\/blog\/wp-json\/wp\/v2\/types\/post"}],"author":[{"embeddable":true,"href":"https:\/\/www.esprit-barbecue.fr\/blog\/wp-json\/wp\/v2\/users\/5"}],"replies":[{"embeddable":true,"href":"https:\/\/www.esprit-barbecue.fr\/blog\/wp-json\/wp\/v2\/comments?post=13036"}],"version-history":[{"count":9,"href":"https:\/\/www.esprit-barbecue.fr\/blog\/wp-json\/wp\/v2\/posts\/13036\/revisions"}],"predecessor-version":[{"id":13110,"href":"https:\/\/www.esprit-barbecue.fr\/blog\/wp-json\/wp\/v2\/posts\/13036\/revisions\/13110"}],"wp:featuredmedia":[{"embeddable":true,"href":"https:\/\/www.esprit-barbecue.fr\/blog\/wp-json\/wp\/v2\/media\/13044"}],"wp:attachment":[{"href":"https:\/\/www.esprit-barbecue.fr\/blog\/wp-json\/wp\/v2\/media?parent=13036"}],"wp:term":[{"taxonomy":"category","embeddable":true,"href":"https:\/\/www.esprit-barbecue.fr\/blog\/wp-json\/wp\/v2\/categories?post=13036"},{"taxonomy":"post_tag","embeddable":true,"href":"https:\/\/www.esprit-barbecue.fr\/blog\/wp-json\/wp\/v2\/tags?post=13036"}],"curies":[{"name":"wp","href":"https:\/\/api.w.org\/{rel}","templated":true}]}}