{"id":13752,"date":"2024-07-18T08:00:00","date_gmt":"2024-07-18T06:00:00","guid":{"rendered":"https:\/\/www.esprit-barbecue.fr\/blog\/?p=13752"},"modified":"2024-07-15T14:49:38","modified_gmt":"2024-07-15T12:49:38","slug":"coleslaw-colore","status":"publish","type":"post","link":"https:\/\/www.esprit-barbecue.fr\/blog\/coleslaw-colore\/","title":{"rendered":"Coleslaw color\u00e9"},"content":{"rendered":"\n\n<div class=\"kk-star-ratings kksr-auto kksr-align-center kksr-valign-top\"\n    data-payload='{&quot;align&quot;:&quot;center&quot;,&quot;id&quot;:&quot;13752&quot;,&quot;slug&quot;:&quot;default&quot;,&quot;valign&quot;:&quot;top&quot;,&quot;ignore&quot;:&quot;&quot;,&quot;reference&quot;:&quot;auto&quot;,&quot;class&quot;:&quot;&quot;,&quot;count&quot;:&quot;13&quot;,&quot;legendonly&quot;:&quot;&quot;,&quot;readonly&quot;:&quot;&quot;,&quot;score&quot;:&quot;2.2&quot;,&quot;starsonly&quot;:&quot;&quot;,&quot;best&quot;:&quot;5&quot;,&quot;gap&quot;:&quot;5&quot;,&quot;greet&quot;:&quot;Notez ce contenu !&quot;,&quot;legend&quot;:&quot;2.2\\\/5 - (13 votes)&quot;,&quot;size&quot;:&quot;24&quot;,&quot;title&quot;:&quot;Coleslaw color\u00e9&quot;,&quot;width&quot;:&quot;61.3&quot;,&quot;_legend&quot;:&quot;{score}\\\/{best} - ({count} {votes})&quot;,&quot;font_factor&quot;:&quot;1.25&quot;}'>\n            \n<div class=\"kksr-stars\">\n    \n<div class=\"kksr-stars-inactive\">\n            <div class=\"kksr-star\" data-star=\"1\" style=\"padding-right: 5px\">\n            \n\n<div class=\"kksr-icon\" style=\"width: 24px; height: 24px;\"><\/div>\n        <\/div>\n            <div class=\"kksr-star\" data-star=\"2\" style=\"padding-right: 5px\">\n            \n\n<div class=\"kksr-icon\" style=\"width: 24px; height: 24px;\"><\/div>\n        <\/div>\n            <div class=\"kksr-star\" data-star=\"3\" style=\"padding-right: 5px\">\n            \n\n<div class=\"kksr-icon\" style=\"width: 24px; height: 24px;\"><\/div>\n        <\/div>\n            <div class=\"kksr-star\" data-star=\"4\" style=\"padding-right: 5px\">\n            \n\n<div class=\"kksr-icon\" style=\"width: 24px; height: 24px;\"><\/div>\n        <\/div>\n            <div class=\"kksr-star\" data-star=\"5\" style=\"padding-right: 5px\">\n            \n\n<div class=\"kksr-icon\" style=\"width: 24px; height: 24px;\"><\/div>\n        <\/div>\n    <\/div>\n    \n<div class=\"kksr-stars-active\" style=\"width: 61.3px;\">\n            <div class=\"kksr-star\" style=\"padding-right: 5px\">\n            \n\n<div class=\"kksr-icon\" style=\"width: 24px; height: 24px;\"><\/div>\n        <\/div>\n            <div class=\"kksr-star\" style=\"padding-right: 5px\">\n            \n\n<div class=\"kksr-icon\" style=\"width: 24px; height: 24px;\"><\/div>\n        <\/div>\n            <div class=\"kksr-star\" style=\"padding-right: 5px\">\n            \n\n<div class=\"kksr-icon\" style=\"width: 24px; height: 24px;\"><\/div>\n        <\/div>\n            <div class=\"kksr-star\" style=\"padding-right: 5px\">\n            \n\n<div class=\"kksr-icon\" style=\"width: 24px; height: 24px;\"><\/div>\n        <\/div>\n            <div class=\"kksr-star\" style=\"padding-right: 5px\">\n            \n\n<div class=\"kksr-icon\" style=\"width: 24px; height: 24px;\"><\/div>\n        <\/div>\n    <\/div>\n<\/div>\n                \n\n<div class=\"kksr-legend\" style=\"font-size: 19.2px;\">\n            2.2\/5 - (13 votes)    <\/div>\n    <\/div>\n\n<p>Connaissez vous le <strong>coleslaw<\/strong> ? Mais si, vous savez cette<strong> salade de chou cr\u00fb <\/strong>et de <strong>carottes r\u00e2p\u00e9s <\/strong>agr\u00e9ment\u00e9 d\u2019une <strong>sauce onctueuse<\/strong> ! \ud83e\udd6c \ud83e\udd55 Elle a \u00e9t\u00e9 apport\u00e9 par les N\u00e9erlandais en Am\u00e9rique du Nord au XVII si\u00e8cle sous le nom de \u201ckoolsla\u201d ( \u201ckool\u201d signifie chou et \u201csla\u201d salade).<\/p>\n\n\n\n<p>Elle <a href=\"https:\/\/www.esprit-barbecue.fr\/blog\/tag\/accompagnement-barbecue\/\" target=\"_blank\" rel=\"noreferrer noopener\">accompagne parfaitement toutes vos grillades au barbecue<\/a> ! C\u2019est l\u2019occasion de manger des l\u00e9gumes tout en apportant une<strong> touche de fra\u00eecheur<\/strong> dans votre assiette.\u00a0<\/p>\n\n\n\n<p>C\u2019est pourquoi, <a title=\"Esprit Barbecue\" href=\"https:\/\/www.esprit-barbecue.fr\/\" target=\"_blank\" rel=\"noreferrer noopener\">Esprit Barbecue<\/a> vous propose la <a href=\"https:\/\/www.esprit-barbecue.fr\/blog\/category\/recettes\/\" target=\"_blank\" rel=\"noreferrer noopener\" title=\"recettes\">recette<\/a> du <strong>coleslaw color\u00e9<\/strong> ! Cette pr\u00e9paration est facile \u00e0 r\u00e9aliser et offre une d\u00e9licieuse combinaison entre la fra\u00eecheur et le croquant des aliments.<\/p>\n\n\n\n<p>C\u2019est parti !\u00a0<\/p>\n\n\n\n<hr class=\"wp-block-separator has-alpha-channel-opacity\"\/>\n\n\n\n<figure class=\"wp-block-table\"><table><tbody><tr><td>Temps de pr\u00e9paration : 15 min<\/td><td>Tesmps de repos : 1h<\/td><td>Nombre de personnes : 4<\/td><\/tr><\/tbody><\/table><\/figure>\n\n\n\n<h2 class=\"wp-block-heading\">Ingr\u00e9dients <\/h2>\n\n\n\n<ul class=\"wp-block-list\">\n<li>200 g de chou blanc<\/li>\n\n\n\n<li>150 g de carottes<\/li>\n\n\n\n<li>2 oignons\u00a0<\/li>\n\n\n\n<li>1 c.\u00e0.s de raisins secs Golden<\/li>\n\n\n\n<li>1 c.\u00e0.s de mayonnaise<\/li>\n\n\n\n<li>Sel\u00a0<\/li>\n\n\n\n<li>Poivre<\/li>\n<\/ul>\n\n\n\n<h2 class=\"wp-block-heading\">Pr\u00e9paration <\/h2>\n\n\n\n<ol class=\"wp-block-list\">\n<li>Lavez le chou et les carottes.<\/li>\n\n\n\n<li>R\u00e2per finement le chou blanc et les carottes \u00e0 l\u2019aide d\u2019une r\u00e2pe.<\/li>\n\n\n\n<li>\u00c9mincez finement l\u2019oignon.<\/li>\n\n\n\n<li>Dans un saladier, m\u00e9langez la mayonnaise et les raisins secs.<\/li>\n\n\n\n<li>Ajoutez le chou blanc et les carottes r\u00e2p\u00e9es, les oignons.\u00a0<\/li>\n\n\n\n<li>M\u00e9langez le tout jusqu\u2019\u00e0 ce que chaque l\u00e9gumes soient bien enrob\u00e9s de sauce.<\/li>\n\n\n\n<li>Poivrez et salez \u00e0 votre convenance.<\/li>\n\n\n\n<li>Couvrez le saladier et r\u00e9servez au frais pendant 1h minimum.<\/li>\n<\/ol>\n\n\n\n<h2 class=\"wp-block-heading\">Les conseils du Chef<\/h2>\n\n\n\n<p>Pour encore plus de saveurs, vous pouvez ajouter des morceaux de noix, de la pomme r\u00e2p\u00e9e ou encore des herbes aromatiques. Nous vous conseillons de r\u00e9aliser votre mayonnaise maison !<\/p>\n\n\n\n<p>D\u00e9gustez votre salade de coleslaw color\u00e9 avec des ribs ou une c\u00f4te de boeuf. Bon app\u00e9tit !<\/p>\n\n\n\n<p><em><strong>Savoureusement v\u00f4tre,<br>L&#8217;\u00e9quipe d&#8217;Esprit Barbecue.<\/strong><\/em><\/p>\n\n\n\n<hr class=\"wp-block-separator has-alpha-channel-opacity\"\/>\n\n\n<div class=\"wp-block-post-author\"><div class=\"wp-block-post-author__avatar\"><img alt='' src='https:\/\/secure.gravatar.com\/avatar\/eea22d475bd5da21e6a807e3201a8871659489b191f699e2e82a454b30b1114b?s=96&#038;d=mm&#038;r=g' srcset='https:\/\/secure.gravatar.com\/avatar\/eea22d475bd5da21e6a807e3201a8871659489b191f699e2e82a454b30b1114b?s=192&#038;d=mm&#038;r=g 2x' class='avatar avatar-96 photo' height='96' width='96' \/><\/div><div class=\"wp-block-post-author__content\"><p class=\"wp-block-post-author__name\"><a href=\"https:\/\/www.esprit-barbecue.fr\/blog\/auteur\/lea\/\" target=\"_self\">L\u00e9a<\/a><\/p><p class=\"wp-block-post-author__bio\">Fan inconditionnelle de jeux vid\u00e9os, de festivals de musique et de voyages, j\u2019adore cuisiner quelques tapas \u00e0 partager avec mes amis. Mon r\u00eave ultime ? Profiter d\u2019une cuisine ext\u00e9rieure Tontons Grilleurs avec un barbecue charbon pour r\u00f4tir un d\u00e9licieux camembert avec quelques pommes de terre.<\/p><\/div><\/div>\n\n\n<hr class=\"wp-block-separator has-alpha-channel-opacity\"\/>\n\n\n<div class=\"taxonomy-post_tag wp-block-post-terms\"><span class=\"wp-block-post-terms__prefix\">TAGS <\/span><a href=\"https:\/\/www.esprit-barbecue.fr\/blog\/tag\/accompagnement-barbecue\/\" rel=\"tag\">accompagnement barbecue<\/a><\/div>","protected":false},"excerpt":{"rendered":"<p>Connaissez vous le coleslaw ? Mais si, vous savez cette salade de chou cr\u00fb et de carottes r\u00e2p\u00e9s agr\u00e9ment\u00e9 d\u2019une [&hellip;]<\/p>\n","protected":false},"author":8,"featured_media":13754,"comment_status":"open","ping_status":"open","sticky":false,"template":"","format":"standard","meta":{"_acf_changed":false,"footnotes":""},"categories":[14],"tags":[225],"class_list":["post-13752","post","type-post","status-publish","format-standard","has-post-thumbnail","hentry","category-recettes","tag-accompagnement-barbecue"],"acf":[],"_links":{"self":[{"href":"https:\/\/www.esprit-barbecue.fr\/blog\/wp-json\/wp\/v2\/posts\/13752","targetHints":{"allow":["GET"]}}],"collection":[{"href":"https:\/\/www.esprit-barbecue.fr\/blog\/wp-json\/wp\/v2\/posts"}],"about":[{"href":"https:\/\/www.esprit-barbecue.fr\/blog\/wp-json\/wp\/v2\/types\/post"}],"author":[{"embeddable":true,"href":"https:\/\/www.esprit-barbecue.fr\/blog\/wp-json\/wp\/v2\/users\/8"}],"replies":[{"embeddable":true,"href":"https:\/\/www.esprit-barbecue.fr\/blog\/wp-json\/wp\/v2\/comments?post=13752"}],"version-history":[{"count":6,"href":"https:\/\/www.esprit-barbecue.fr\/blog\/wp-json\/wp\/v2\/posts\/13752\/revisions"}],"predecessor-version":[{"id":13759,"href":"https:\/\/www.esprit-barbecue.fr\/blog\/wp-json\/wp\/v2\/posts\/13752\/revisions\/13759"}],"wp:featuredmedia":[{"embeddable":true,"href":"https:\/\/www.esprit-barbecue.fr\/blog\/wp-json\/wp\/v2\/media\/13754"}],"wp:attachment":[{"href":"https:\/\/www.esprit-barbecue.fr\/blog\/wp-json\/wp\/v2\/media?parent=13752"}],"wp:term":[{"taxonomy":"category","embeddable":true,"href":"https:\/\/www.esprit-barbecue.fr\/blog\/wp-json\/wp\/v2\/categories?post=13752"},{"taxonomy":"post_tag","embeddable":true,"href":"https:\/\/www.esprit-barbecue.fr\/blog\/wp-json\/wp\/v2\/tags?post=13752"}],"curies":[{"name":"wp","href":"https:\/\/api.w.org\/{rel}","templated":true}]}}