{"id":1490,"date":"2014-09-05T17:30:38","date_gmt":"2014-09-05T15:30:38","guid":{"rendered":"https:\/\/www.esprit-barbecue-et-vous.fr\/?p=1490"},"modified":"2023-11-28T12:03:02","modified_gmt":"2023-11-28T11:03:02","slug":"noix-de-saint-jacques-au-lard","status":"publish","type":"post","link":"https:\/\/www.esprit-barbecue.fr\/blog\/noix-de-saint-jacques-au-lard\/","title":{"rendered":"Noix de Saint Jacques \u00e0 la plancha au lard fum\u00e9"},"content":{"rendered":"\n\n<div class=\"kk-star-ratings kksr-auto kksr-align-center kksr-valign-top\"\n    data-payload='{&quot;align&quot;:&quot;center&quot;,&quot;id&quot;:&quot;1490&quot;,&quot;slug&quot;:&quot;default&quot;,&quot;valign&quot;:&quot;top&quot;,&quot;ignore&quot;:&quot;&quot;,&quot;reference&quot;:&quot;auto&quot;,&quot;class&quot;:&quot;&quot;,&quot;count&quot;:&quot;6&quot;,&quot;legendonly&quot;:&quot;&quot;,&quot;readonly&quot;:&quot;&quot;,&quot;score&quot;:&quot;3.2&quot;,&quot;starsonly&quot;:&quot;&quot;,&quot;best&quot;:&quot;5&quot;,&quot;gap&quot;:&quot;5&quot;,&quot;greet&quot;:&quot;Notez ce contenu !&quot;,&quot;legend&quot;:&quot;3.2\\\/5 - (6 votes)&quot;,&quot;size&quot;:&quot;24&quot;,&quot;title&quot;:&quot;Noix de Saint Jacques \u00e0 la plancha au lard fum\u00e9&quot;,&quot;width&quot;:&quot;90.3&quot;,&quot;_legend&quot;:&quot;{score}\\\/{best} - ({count} {votes})&quot;,&quot;font_factor&quot;:&quot;1.25&quot;}'>\n            \n<div class=\"kksr-stars\">\n    \n<div class=\"kksr-stars-inactive\">\n            <div class=\"kksr-star\" data-star=\"1\" style=\"padding-right: 5px\">\n            \n\n<div class=\"kksr-icon\" style=\"width: 24px; height: 24px;\"><\/div>\n        <\/div>\n            <div class=\"kksr-star\" data-star=\"2\" style=\"padding-right: 5px\">\n            \n\n<div class=\"kksr-icon\" style=\"width: 24px; height: 24px;\"><\/div>\n        <\/div>\n            <div class=\"kksr-star\" data-star=\"3\" style=\"padding-right: 5px\">\n            \n\n<div class=\"kksr-icon\" style=\"width: 24px; height: 24px;\"><\/div>\n        <\/div>\n            <div class=\"kksr-star\" data-star=\"4\" style=\"padding-right: 5px\">\n            \n\n<div class=\"kksr-icon\" style=\"width: 24px; height: 24px;\"><\/div>\n        <\/div>\n            <div class=\"kksr-star\" data-star=\"5\" style=\"padding-right: 5px\">\n            \n\n<div class=\"kksr-icon\" style=\"width: 24px; height: 24px;\"><\/div>\n        <\/div>\n    <\/div>\n    \n<div class=\"kksr-stars-active\" style=\"width: 90.3px;\">\n            <div class=\"kksr-star\" style=\"padding-right: 5px\">\n            \n\n<div class=\"kksr-icon\" style=\"width: 24px; height: 24px;\"><\/div>\n        <\/div>\n            <div class=\"kksr-star\" style=\"padding-right: 5px\">\n            \n\n<div class=\"kksr-icon\" style=\"width: 24px; height: 24px;\"><\/div>\n        <\/div>\n            <div class=\"kksr-star\" style=\"padding-right: 5px\">\n            \n\n<div class=\"kksr-icon\" style=\"width: 24px; height: 24px;\"><\/div>\n        <\/div>\n            <div class=\"kksr-star\" style=\"padding-right: 5px\">\n            \n\n<div class=\"kksr-icon\" style=\"width: 24px; height: 24px;\"><\/div>\n        <\/div>\n            <div class=\"kksr-star\" style=\"padding-right: 5px\">\n            \n\n<div class=\"kksr-icon\" style=\"width: 24px; height: 24px;\"><\/div>\n        <\/div>\n    <\/div>\n<\/div>\n                \n\n<div class=\"kksr-legend\" style=\"font-size: 19.2px;\">\n            3.2\/5 - (6 votes)    <\/div>\n    <\/div>\n\n<p>D\u00e9couvrez aujourd\u2019hui, sur le blog d\u2019Esprit Barbecue et vous, la recette des <strong>noix de Saint-Jacques au lard fum\u00e9<\/strong>. Tr\u00e8s simple et rapide \u00e0 pr\u00e9parer, cette d\u00e9licieuse <a title=\"Recette \u00e0 la plancha\" href=\"https:\/\/www.esprit-barbecue.fr\/blog\/category\/recettes\/plancha\/\">recette \u00e0 la plancha<\/a> peut se servir aussi bien en entr\u00e9e qu\u2019en ap\u00e9ritif. Avec votre plancha, transformez toutes sortes d\u2019ingr\u00e9dients, m\u00eame les plus simples, en une v\u00e9ritable recette sophistiqu\u00e9e !<\/p>\n\n\n\n<p>La <strong>cuisson de la noix de Saint-Jacques<\/strong> peut sembler fastidieuse et d\u00e9licate mais est elle en r\u00e9alit\u00e9 tr\u00e8s <strong>simple et rapide<\/strong>, cela ne prend pas plus de 5 min. Lorsque les noix sont <strong>l\u00e9g\u00e8rement dor\u00e9es<\/strong> de chaque c\u00f4t\u00e9, la cuisson est termin\u00e9e ! Elle seront <strong>tendre et pleine de saveurs<\/strong>.<\/p>\n\n\n\n<p>Des <strong>noix de Saint-Jacques d\u00e9licatement grill\u00e9es<\/strong> et des <strong>tranches de lard fum\u00e9<\/strong> ; une <strong>d\u00e9licieuse recette fran\u00e7aise<\/strong> alliant les saveurs de la mer et du porc fum\u00e9. Alors rendez-vous chez votre poissonnier pr\u00e9f\u00e9r\u00e9 pour r\u00e9galer vos proches !<\/p>\n\n\n\n<hr class=\"wp-block-separator has-alpha-channel-opacity\"\/>\n\n\n\n<figure class=\"wp-block-table\"><table><tbody><tr><td>Temps de pr\u00e9paration : 2 min<\/td><td>Temps de cuisson : 2 min<\/td><td>Nombre de personnes : 4<\/td><\/tr><\/tbody><\/table><\/figure>\n\n\n\n<h2 class=\"wp-block-heading\">Ingr\u00e9dients <\/h2>\n\n\n\n<ul class=\"wp-block-list\">\n<li>16 noix de Saint-Jacques<\/li>\n\n\n\n<li>8 tranches de lard fum\u00e9<\/li>\n\n\n\n<li>Fleur de sel nature ou citronn\u00e9e&nbsp;<\/li>\n\n\n\n<li>Beurre doux<\/li>\n\n\n\n<li>Poivre<\/li>\n<\/ul>\n\n\n\n<h2 class=\"wp-block-heading\">Pr\u00e9paration <\/h2>\n\n\n\n<ol class=\"wp-block-list\">\n<li>Rincez les noix de Saint-Jacques et \u00e9pongez-les avec du papier absorbant.<\/li>\n\n\n\n<li>Allumez votre plancha sur feu moyen.&nbsp;<\/li>\n\n\n\n<li>Huilez-la l\u00e9g\u00e8rement puis d\u00e9posez les noix de Saint-Jacques.<\/li>\n\n\n\n<li>Salez et faites-les cuire pendant 1 minute.&nbsp;<\/li>\n\n\n\n<li>Posez une lamelle de beurre sur chaque noix et poivrez.&nbsp;<\/li>\n\n\n\n<li>Retournez les noix, ajoutez une pinc\u00e9e de fleur de sel et laissez les cuire 1 minute.&nbsp;<\/li>\n\n\n\n<li>Retirez les noix de la plancha et ajoutez y la moiti\u00e9 d\u2019une tranche de lard fum\u00e9.<\/li>\n<\/ol>\n\n\n\n<figure class=\"wp-block-table\"><table class=\"has-background\" style=\"background-color:#b9c9b759\"><tbody><tr><td>\ud83d\udca1<span style=\"text-decoration: underline;\">Astuce :<\/span><br>Si vous ne disposez pas de plancha, vous pouvez \u00e9galement les faire \u00e0 l\u2019aide d\u2019une <a href=\"https:\/\/www.esprit-barbecue.fr\/121-plancha-barbecue\">plancha adaptable \u00e0 votre barbecue<\/a>.<\/td><\/tr><\/tbody><\/table><\/figure>\n\n\n\n<p><em><strong>Savoureusement v\u00f4tre,<br>L&#8217;\u00e9quipe d&#8217;Esprit Barbecue.<\/strong><\/em><\/p>\n\n\n\n<hr class=\"wp-block-separator has-alpha-channel-opacity\"\/>\n\n\n<div class=\"wp-block-post-author\"><div class=\"wp-block-post-author__avatar\"><img alt='' src='https:\/\/secure.gravatar.com\/avatar\/eea22d475bd5da21e6a807e3201a8871659489b191f699e2e82a454b30b1114b?s=96&#038;d=mm&#038;r=g' srcset='https:\/\/secure.gravatar.com\/avatar\/eea22d475bd5da21e6a807e3201a8871659489b191f699e2e82a454b30b1114b?s=192&#038;d=mm&#038;r=g 2x' class='avatar avatar-96 photo' height='96' width='96' \/><\/div><div class=\"wp-block-post-author__content\"><p class=\"wp-block-post-author__name\"><a href=\"https:\/\/www.esprit-barbecue.fr\/blog\/auteur\/lea\/\" target=\"_self\">L\u00e9a<\/a><\/p><p class=\"wp-block-post-author__bio\">Fan inconditionnelle de jeux vid\u00e9os, de festivals de musique et de voyages, j\u2019adore cuisiner quelques tapas \u00e0 partager avec mes amis. Mon r\u00eave ultime ? Profiter d\u2019une cuisine ext\u00e9rieure Tontons Grilleurs avec un barbecue charbon pour r\u00f4tir un d\u00e9licieux camembert avec quelques pommes de terre.<\/p><\/div><\/div>\n\n\n<hr class=\"wp-block-separator has-alpha-channel-opacity\"\/>\n\n\n<div class=\"taxonomy-post_tag wp-block-post-terms\"><span class=\"wp-block-post-terms__prefix\">TAGS <\/span><a href=\"https:\/\/www.esprit-barbecue.fr\/blog\/tag\/entree\/\" rel=\"tag\">entr\u00e9e<\/a><span class=\"wp-block-post-terms__separator\">, <\/span><a href=\"https:\/\/www.esprit-barbecue.fr\/blog\/tag\/fruits-de-mer\/\" rel=\"tag\">fruits de mer<\/a><span class=\"wp-block-post-terms__separator\">, <\/span><a href=\"https:\/\/www.esprit-barbecue.fr\/blog\/tag\/plancha\/\" rel=\"tag\">plancha<\/a><span class=\"wp-block-post-terms__separator\">, <\/span><a href=\"https:\/\/www.esprit-barbecue.fr\/blog\/tag\/snack\/\" rel=\"tag\">snack<\/a><\/div>","protected":false},"excerpt":{"rendered":"<p>D\u00e9couvrez aujourd\u2019hui, sur le blog d\u2019Esprit Barbecue et vous, la recette des noix de Saint-Jacques au lard fum\u00e9. Tr\u00e8s simple [&hellip;]<\/p>\n","protected":false},"author":8,"featured_media":10336,"comment_status":"open","ping_status":"open","sticky":false,"template":"","format":"standard","meta":{"_acf_changed":false,"footnotes":""},"categories":[14,12],"tags":[197,78,142,200],"class_list":["post-1490","post","type-post","status-publish","format-standard","has-post-thumbnail","hentry","category-recettes","category-plancha","tag-entree","tag-fruits-de-mer","tag-plancha","tag-snack"],"acf":[],"_links":{"self":[{"href":"https:\/\/www.esprit-barbecue.fr\/blog\/wp-json\/wp\/v2\/posts\/1490","targetHints":{"allow":["GET"]}}],"collection":[{"href":"https:\/\/www.esprit-barbecue.fr\/blog\/wp-json\/wp\/v2\/posts"}],"about":[{"href":"https:\/\/www.esprit-barbecue.fr\/blog\/wp-json\/wp\/v2\/types\/post"}],"author":[{"embeddable":true,"href":"https:\/\/www.esprit-barbecue.fr\/blog\/wp-json\/wp\/v2\/users\/8"}],"replies":[{"embeddable":true,"href":"https:\/\/www.esprit-barbecue.fr\/blog\/wp-json\/wp\/v2\/comments?post=1490"}],"version-history":[{"count":14,"href":"https:\/\/www.esprit-barbecue.fr\/blog\/wp-json\/wp\/v2\/posts\/1490\/revisions"}],"predecessor-version":[{"id":11940,"href":"https:\/\/www.esprit-barbecue.fr\/blog\/wp-json\/wp\/v2\/posts\/1490\/revisions\/11940"}],"wp:featuredmedia":[{"embeddable":true,"href":"https:\/\/www.esprit-barbecue.fr\/blog\/wp-json\/wp\/v2\/media\/10336"}],"wp:attachment":[{"href":"https:\/\/www.esprit-barbecue.fr\/blog\/wp-json\/wp\/v2\/media?parent=1490"}],"wp:term":[{"taxonomy":"category","embeddable":true,"href":"https:\/\/www.esprit-barbecue.fr\/blog\/wp-json\/wp\/v2\/categories?post=1490"},{"taxonomy":"post_tag","embeddable":true,"href":"https:\/\/www.esprit-barbecue.fr\/blog\/wp-json\/wp\/v2\/tags?post=1490"}],"curies":[{"name":"wp","href":"https:\/\/api.w.org\/{rel}","templated":true}]}}