{"id":242,"date":"2013-06-27T15:48:15","date_gmt":"2013-06-27T13:48:15","guid":{"rendered":"https:\/\/www.esprit-barbecue-et-vous.fr\/?p=242"},"modified":"2023-11-28T12:34:10","modified_gmt":"2023-11-28T11:34:10","slug":"pates-a-la-roquette-et-a-lail","status":"publish","type":"post","link":"https:\/\/www.esprit-barbecue.fr\/blog\/pates-a-la-roquette-et-a-lail\/","title":{"rendered":"Recette salade de p\u00e2tes, roquette et tomates"},"content":{"rendered":"\n\n<div class=\"kk-star-ratings kksr-auto kksr-align-center kksr-valign-top\"\n    data-payload='{&quot;align&quot;:&quot;center&quot;,&quot;id&quot;:&quot;242&quot;,&quot;slug&quot;:&quot;default&quot;,&quot;valign&quot;:&quot;top&quot;,&quot;ignore&quot;:&quot;&quot;,&quot;reference&quot;:&quot;auto&quot;,&quot;class&quot;:&quot;&quot;,&quot;count&quot;:&quot;0&quot;,&quot;legendonly&quot;:&quot;&quot;,&quot;readonly&quot;:&quot;&quot;,&quot;score&quot;:&quot;0&quot;,&quot;starsonly&quot;:&quot;&quot;,&quot;best&quot;:&quot;5&quot;,&quot;gap&quot;:&quot;5&quot;,&quot;greet&quot;:&quot;Notez ce contenu !&quot;,&quot;legend&quot;:&quot;0\\\/5 - (0 vote)&quot;,&quot;size&quot;:&quot;24&quot;,&quot;title&quot;:&quot;Recette salade de p\u00e2tes, roquette et tomates&quot;,&quot;width&quot;:&quot;0&quot;,&quot;_legend&quot;:&quot;{score}\\\/{best} - ({count} {votes})&quot;,&quot;font_factor&quot;:&quot;1.25&quot;}'>\n            \n<div class=\"kksr-stars\">\n    \n<div class=\"kksr-stars-inactive\">\n            <div class=\"kksr-star\" data-star=\"1\" style=\"padding-right: 5px\">\n            \n\n<div class=\"kksr-icon\" style=\"width: 24px; height: 24px;\"><\/div>\n        <\/div>\n            <div class=\"kksr-star\" data-star=\"2\" style=\"padding-right: 5px\">\n            \n\n<div class=\"kksr-icon\" style=\"width: 24px; height: 24px;\"><\/div>\n        <\/div>\n            <div class=\"kksr-star\" data-star=\"3\" style=\"padding-right: 5px\">\n            \n\n<div class=\"kksr-icon\" style=\"width: 24px; height: 24px;\"><\/div>\n        <\/div>\n            <div class=\"kksr-star\" data-star=\"4\" style=\"padding-right: 5px\">\n            \n\n<div class=\"kksr-icon\" style=\"width: 24px; height: 24px;\"><\/div>\n        <\/div>\n            <div class=\"kksr-star\" data-star=\"5\" style=\"padding-right: 5px\">\n            \n\n<div class=\"kksr-icon\" style=\"width: 24px; height: 24px;\"><\/div>\n        <\/div>\n    <\/div>\n    \n<div class=\"kksr-stars-active\" style=\"width: 0px;\">\n            <div class=\"kksr-star\" style=\"padding-right: 5px\">\n            \n\n<div class=\"kksr-icon\" style=\"width: 24px; height: 24px;\"><\/div>\n        <\/div>\n            <div class=\"kksr-star\" style=\"padding-right: 5px\">\n            \n\n<div class=\"kksr-icon\" style=\"width: 24px; height: 24px;\"><\/div>\n        <\/div>\n            <div class=\"kksr-star\" style=\"padding-right: 5px\">\n            \n\n<div class=\"kksr-icon\" style=\"width: 24px; height: 24px;\"><\/div>\n        <\/div>\n            <div class=\"kksr-star\" style=\"padding-right: 5px\">\n            \n\n<div class=\"kksr-icon\" style=\"width: 24px; height: 24px;\"><\/div>\n        <\/div>\n            <div class=\"kksr-star\" style=\"padding-right: 5px\">\n            \n\n<div class=\"kksr-icon\" style=\"width: 24px; height: 24px;\"><\/div>\n        <\/div>\n    <\/div>\n<\/div>\n                \n\n<div class=\"kksr-legend\" style=\"font-size: 19.2px;\">\n            <span class=\"kksr-muted\">Notez ce contenu !<\/span>\n    <\/div>\n    <\/div>\n\n<p class=\"wp-block-paragraph\">Chez Esprit Barbecue, la cuisine en plein air s\u2019\u00e9panouit en harmonie avec les saveurs estivales les plus d\u00e9licieuses. Aujourd\u2019hui pour accompagner vos grillades, d\u00e9couvrez notre <a href=\"https:\/\/www.esprit-barbecue.fr\/blog\/category\/recettes\/\" title=\"recette\"><strong>recette<\/strong><\/a><strong> de salade de p\u00e2tes \u00e0 la roquette<\/strong> et aux tomates s\u00e9ch\u00e9es, un plat rafra\u00eechissant aux couleurs estivales. Les p\u00e2tes al dente s\u2019associent \u00e0 merveille avec la roquette fra\u00eeche et les tomates s\u00e9ch\u00e9es, le tout rehauss\u00e9 par une vinaigrette parfum\u00e9e d\u2019ail, citron vert, huile d\u2019olive et huile piment\u00e9e. Chaque bouch\u00e9e est une explosion de saveurs m\u00e9diterran\u00e9ennes. Accompagnement id\u00e9al pour une recette de barbecue ou de plancha, suivez notre recette pour \u00e9blouir vos convives avec ces saveurs ensoleill\u00e9es \u00e0 l\u2019italienne.<\/p>\n\n\n\n<hr class=\"wp-block-separator has-alpha-channel-opacity\"\/>\n\n\n\n<figure class=\"wp-block-table\"><table><tbody><tr><td>Temps de pr\u00e9paration : 20 min<\/td><td>Temps de cuisson : 20 min<\/td><td>Nombre de personnes : 4<\/td><\/tr><\/tbody><\/table><\/figure>\n\n\n\n<h2 class=\"wp-block-heading\">Ingr\u00e9dients<\/h2>\n\n\n\n<ul class=\"wp-block-list\">\n<li>400 g de p\u00e2tes<\/li>\n\n\n\n<li>8 demi tomates s\u00e9ch\u00e9es<\/li>\n\n\n\n<li>Roquette<\/li>\n\n\n\n<li>2 gousses d\u2019ail<\/li>\n\n\n\n<li>2 citrons verts<\/li>\n\n\n\n<li>Huile d\u2019olive<\/li>\n\n\n\n<li>Huile piment\u00e9e<\/li>\n\n\n\n<li>Sel<\/li>\n\n\n\n<li>Poivre<\/li>\n<\/ul>\n\n\n\n<h2 class=\"wp-block-heading\">Pr\u00e9paration<\/h2>\n\n\n\n<ol class=\"wp-block-list\">\n<li>Faites chauffer une grande casserole d\u2019eau sal\u00e9e jusqu\u2019\u00e0 \u00e9bullition.<\/li>\n\n\n\n<li>Faites cuire les p\u00e2tes fa\u00e7on \u201cal dente\u201d.<\/li>\n\n\n\n<li>\u00c9gouttez les p\u00e2tes cuites et passez-les sous l\u2019eau froide pour stopper la cuisson.<\/li>\n\n\n\n<li>D\u00e9posez les p\u00e2tes dans un saladier et arrosez d\u2019un filet d\u2019huile d\u2019olive.<\/li>\n\n\n\n<li>Hachez les gousses d\u2019ail et coupez les tomates s\u00e9ch\u00e9es en petits morceaux.<\/li>\n\n\n\n<li>Dans une po\u00eale, faites revenir le tout 3 minutes \u00e0 feu vif avec 1 c.\u00e0.s d\u2019huile d\u2019olive.<\/li>\n\n\n\n<li>Versez la pr\u00e9paration dans un bol et ajoutez le jus des 2 citrons, 4 c.\u00e0.s d\u2019huile d\u2019olive et 1 c.\u00e0.s d\u2019huile piment\u00e9e.<\/li>\n\n\n\n<li>Salez et poivrez \u00e0 votre convenance.<\/li>\n\n\n\n<li>Au moment de servir, ajoutez l\u2019assaisonnement sur les p\u00e2tes et ciseler 2 poign\u00e9es de roquette par dessus, sans oublier de m\u00e9langer.<\/li>\n<\/ol>\n\n\n\n<p class=\"wp-block-paragraph\">Voil\u00e0 une belle <strong>recette de salade de p\u00e2tes \u00e0 la roquette<\/strong>, tomates s\u00e9ch\u00e9es et ail pr\u00eate pour accompagner de d\u00e9licieuses grillades au barbecue. Un repas frais id\u00e9al lors des saisons chaudes.<\/p>\n\n\n\n<p class=\"wp-block-paragraph\"><em><strong>Savoureusement v\u00f4tre,<br>L&#8217;\u00e9quipe d&#8217;Esprit Barbecue.<\/strong><\/em><\/p>\n\n\n\n<hr class=\"wp-block-separator has-alpha-channel-opacity\"\/>\n\n\n<div class=\"wp-block-post-author\"><div class=\"wp-block-post-author__avatar\"><img alt='' src='https:\/\/secure.gravatar.com\/avatar\/8ae3194ff6c9d9d647b8eb3c2b8734850afd93c7d354eb92c3eec21e0c1e8ac1?s=96&#038;d=mm&#038;r=g' srcset='https:\/\/secure.gravatar.com\/avatar\/8ae3194ff6c9d9d647b8eb3c2b8734850afd93c7d354eb92c3eec21e0c1e8ac1?s=192&#038;d=mm&#038;r=g 2x' class='avatar avatar-96 photo' height='96' width='96' \/><\/div><div class=\"wp-block-post-author__content\"><p class=\"wp-block-post-author__name\"><a href=\"https:\/\/www.esprit-barbecue.fr\/blog\/auteur\/clemence\/\" target=\"_self\">Cl\u00e9mence<\/a><\/p><p class=\"wp-block-post-author__bio\">Passionn\u00e9e de cin\u00e9ma, de musique et de concert, je m\u00e9lange mon amour des r\u00e9f\u00e9rences geek \u00e0 ma passion de la vie outdoor. Mon r\u00eave ? Avoir un bras\u00e9ro plancha OFYR dans ma future maison pour cuisiner ma recette pr\u00e9f\u00e9r\u00e9e : le burger de pulled pork avec un max de cheddar.<\/p><\/div><\/div>\n\n\n<hr class=\"wp-block-separator has-alpha-channel-opacity\"\/>\n\n\n<div class=\"taxonomy-post_tag wp-block-post-terms\"><span class=\"wp-block-post-terms__prefix\">TAGS <\/span><a href=\"https:\/\/www.esprit-barbecue.fr\/blog\/tag\/accompagnement-barbecue\/\" rel=\"tag\">accompagnement barbecue<\/a><span class=\"wp-block-post-terms__separator\">, <\/span><a href=\"https:\/\/www.esprit-barbecue.fr\/blog\/tag\/entree\/\" rel=\"tag\">entr\u00e9e<\/a><span class=\"wp-block-post-terms__separator\">, <\/span><a href=\"https:\/\/www.esprit-barbecue.fr\/blog\/tag\/legumes\/\" rel=\"tag\">l\u00e9gumes<\/a><span class=\"wp-block-post-terms__separator\">, <\/span><a href=\"https:\/\/www.esprit-barbecue.fr\/blog\/tag\/vegetarien\/\" rel=\"tag\">v\u00e9g\u00e9tarien<\/a><\/div>","protected":false},"excerpt":{"rendered":"<p>Accompagnez vos grillades d&#8217;une d\u00e9licieuse recette de salade de p\u00e2tes \u00e0 la roquette, tomates s\u00e9ch\u00e9es, ail et huile piment\u00e9e.<\/p>\n","protected":false},"author":5,"featured_media":6484,"comment_status":"open","ping_status":"open","sticky":false,"template":"","format":"standard","meta":{"_acf_changed":false,"footnotes":""},"categories":[14],"tags":[225,197,113,169],"class_list":["post-242","post","type-post","status-publish","format-standard","has-post-thumbnail","hentry","category-recettes","tag-accompagnement-barbecue","tag-entree","tag-legumes","tag-vegetarien"],"acf":[],"_links":{"self":[{"href":"https:\/\/www.esprit-barbecue.fr\/blog\/wp-json\/wp\/v2\/posts\/242","targetHints":{"allow":["GET"]}}],"collection":[{"href":"https:\/\/www.esprit-barbecue.fr\/blog\/wp-json\/wp\/v2\/posts"}],"about":[{"href":"https:\/\/www.esprit-barbecue.fr\/blog\/wp-json\/wp\/v2\/types\/post"}],"author":[{"embeddable":true,"href":"https:\/\/www.esprit-barbecue.fr\/blog\/wp-json\/wp\/v2\/users\/5"}],"replies":[{"embeddable":true,"href":"https:\/\/www.esprit-barbecue.fr\/blog\/wp-json\/wp\/v2\/comments?post=242"}],"version-history":[{"count":2,"href":"https:\/\/www.esprit-barbecue.fr\/blog\/wp-json\/wp\/v2\/posts\/242\/revisions"}],"predecessor-version":[{"id":12040,"href":"https:\/\/www.esprit-barbecue.fr\/blog\/wp-json\/wp\/v2\/posts\/242\/revisions\/12040"}],"wp:featuredmedia":[{"embeddable":true,"href":"https:\/\/www.esprit-barbecue.fr\/blog\/wp-json\/wp\/v2\/media\/6484"}],"wp:attachment":[{"href":"https:\/\/www.esprit-barbecue.fr\/blog\/wp-json\/wp\/v2\/media?parent=242"}],"wp:term":[{"taxonomy":"category","embeddable":true,"href":"https:\/\/www.esprit-barbecue.fr\/blog\/wp-json\/wp\/v2\/categories?post=242"},{"taxonomy":"post_tag","embeddable":true,"href":"https:\/\/www.esprit-barbecue.fr\/blog\/wp-json\/wp\/v2\/tags?post=242"}],"curies":[{"name":"wp","href":"https:\/\/api.w.org\/{rel}","templated":true}]}}