{"id":3072,"date":"2015-11-10T15:52:10","date_gmt":"2015-11-10T14:52:10","guid":{"rendered":"https:\/\/www.esprit-barbecue-et-vous.fr\/?p=3072"},"modified":"2023-11-28T13:54:00","modified_gmt":"2023-11-28T12:54:00","slug":"des-chiffres-fous-pour-le-marche-du-barbecue","status":"publish","type":"post","link":"https:\/\/www.esprit-barbecue.fr\/blog\/des-chiffres-fous-pour-le-marche-du-barbecue\/","title":{"rendered":"Des chiffres fous pour le march\u00e9 du barbecue !"},"content":{"rendered":"\n\n<div class=\"kk-star-ratings kksr-auto kksr-align-center kksr-valign-top\"\n    data-payload='{&quot;align&quot;:&quot;center&quot;,&quot;id&quot;:&quot;3072&quot;,&quot;slug&quot;:&quot;default&quot;,&quot;valign&quot;:&quot;top&quot;,&quot;ignore&quot;:&quot;&quot;,&quot;reference&quot;:&quot;auto&quot;,&quot;class&quot;:&quot;&quot;,&quot;count&quot;:&quot;1&quot;,&quot;legendonly&quot;:&quot;&quot;,&quot;readonly&quot;:&quot;&quot;,&quot;score&quot;:&quot;5&quot;,&quot;starsonly&quot;:&quot;&quot;,&quot;best&quot;:&quot;5&quot;,&quot;gap&quot;:&quot;5&quot;,&quot;greet&quot;:&quot;Notez ce contenu !&quot;,&quot;legend&quot;:&quot;5\\\/5 - (1 vote)&quot;,&quot;size&quot;:&quot;24&quot;,&quot;title&quot;:&quot;Des chiffres fous pour le march\u00e9 du barbecue !&quot;,&quot;width&quot;:&quot;142.5&quot;,&quot;_legend&quot;:&quot;{score}\\\/{best} - ({count} {votes})&quot;,&quot;font_factor&quot;:&quot;1.25&quot;}'>\n            \n<div class=\"kksr-stars\">\n    \n<div class=\"kksr-stars-inactive\">\n            <div class=\"kksr-star\" data-star=\"1\" style=\"padding-right: 5px\">\n            \n\n<div class=\"kksr-icon\" style=\"width: 24px; height: 24px;\"><\/div>\n        <\/div>\n            <div class=\"kksr-star\" data-star=\"2\" style=\"padding-right: 5px\">\n            \n\n<div class=\"kksr-icon\" style=\"width: 24px; height: 24px;\"><\/div>\n        <\/div>\n            <div class=\"kksr-star\" data-star=\"3\" style=\"padding-right: 5px\">\n            \n\n<div class=\"kksr-icon\" style=\"width: 24px; height: 24px;\"><\/div>\n        <\/div>\n            <div class=\"kksr-star\" data-star=\"4\" style=\"padding-right: 5px\">\n            \n\n<div class=\"kksr-icon\" style=\"width: 24px; height: 24px;\"><\/div>\n        <\/div>\n            <div class=\"kksr-star\" data-star=\"5\" style=\"padding-right: 5px\">\n            \n\n<div class=\"kksr-icon\" style=\"width: 24px; height: 24px;\"><\/div>\n        <\/div>\n    <\/div>\n    \n<div class=\"kksr-stars-active\" style=\"width: 142.5px;\">\n            <div class=\"kksr-star\" style=\"padding-right: 5px\">\n            \n\n<div class=\"kksr-icon\" style=\"width: 24px; height: 24px;\"><\/div>\n        <\/div>\n            <div class=\"kksr-star\" style=\"padding-right: 5px\">\n            \n\n<div class=\"kksr-icon\" style=\"width: 24px; height: 24px;\"><\/div>\n        <\/div>\n            <div class=\"kksr-star\" style=\"padding-right: 5px\">\n            \n\n<div class=\"kksr-icon\" style=\"width: 24px; height: 24px;\"><\/div>\n        <\/div>\n            <div class=\"kksr-star\" style=\"padding-right: 5px\">\n            \n\n<div class=\"kksr-icon\" style=\"width: 24px; height: 24px;\"><\/div>\n        <\/div>\n            <div class=\"kksr-star\" style=\"padding-right: 5px\">\n            \n\n<div class=\"kksr-icon\" style=\"width: 24px; height: 24px;\"><\/div>\n        <\/div>\n    <\/div>\n<\/div>\n                \n\n<div class=\"kksr-legend\" style=\"font-size: 19.2px;\">\n            5\/5 - (1 vote)    <\/div>\n    <\/div>\n<p>Voici une petite infographie concernant le march\u00e9 du barbecue en 2014.<!--more--><\/p>\n<p style=\"text-align: center;\"><a href=\"https:\/\/www.esprit-barbecue-et-vous.fr\/wp-content\/uploads\/2015\/11\/infographiebarbecue.jpg\" target=\"_blank\" rel=\"noopener\"><img loading=\"lazy\" decoding=\"async\" class=\"wp-image-3073 aligncenter\" src=\"https:\/\/www.esprit-barbecue-et-vous.fr\/wp-content\/uploads\/2015\/11\/infographiebarbecue.jpg\" alt=\"infographiebarbecue\" width=\"325\" height=\"1000\" \/><\/a><\/p>\n<p style=\"text-align: left;\">Nous constatons donc que le <a title=\"barbecue\" href=\"http:\/\/www.esprit-barbecue.fr\" target=\"_blank\" rel=\"noopener\">barbecue<\/a> est loin d&#8217;\u00eatre mort, au contraire. Pour ceux qui auraient du mal \u00e0 afficher l&#8217;image, voici en somme, les principales donn\u00e9es \u00e0 retenir:<\/p>\n<ul>\n<li>11 million de barbecues pour 71% de Fran\u00e7ais. Les Fran\u00e7ais sont donc majoritairement \u00e9quip\u00e9s.<\/li>\n<li>85% des 71% vivent dans une maison avec jardin<\/li>\n<li>75% des Fran\u00e7ais ont envie de barbecue quand il fait beau, et j&#8217;en fait parti ! Les 15% restant sont certainement v\u00e9g\u00e9tariens, car tout le monde aime le <em>barbecue<\/em>.<\/li>\n<li>La marque Am\u00e9ricaine Weber, c&#8217;est 1,5 million d\u2019unit\u00e9s vendues depuis 2001 en France, soit une progression de +5 \u00e0 +10% par ans.<\/li>\n<li>10% de renouvellement annuel.<strong>\u00a0<\/strong>Nous gardons donc notre barbecue au moins deux ans, et ces 10% repr\u00e9sentent une sorte de roulement entre les nouveaux acheteurs, les gens \u00e9quip\u00e9s et satisfaits, et les prochains acheteurs. Le reste des achats en dehors de ces 10% correspondent donc \u00e0 des accessoires, des pi\u00e8ces d\u00e9tach\u00e9es, et des consommables (bouteilles d gaz, charbon, copeaux de fumage, braise etc&#8230;).<\/li>\n<li>7000 \u20ac:\u00a0C&#8217;est le prix du\u00a0<strong>barbecue<\/strong> le plus cher<\/li>\n<li>Prix moyen d\u2019un barbecue au charbon ou d\u2019un \u00e9lectrique: 60\u20ac. Cela vaut donc le coup d&#8217;acheter un barbecue \u00e9lectrique lorsque l&#8217;on vit en appartement.<\/li>\n<li>Pour du gaz, comptez entre 200 et 250 euros de budget.<\/li>\n<li>R\u00e9partition des \u00e9nergie entre barbecues : le charbon repr\u00e9sente 60% des ventes, contre 30% d\u2019\u00e9lectrique et 10% de gaz<\/li>\n<\/ul>\n<p>Toujours d&#8217;apr\u00e8s le sondage,\u00a0La notion d\u2019appartenance \u00e0 une classe sociale rentrerait \u00e9galement en compte, comme pour la voiture. Le barbecue serait devenu un objet de d\u00e9coration \u00e0 la m\u00eame \u00e9chelle qu&#8217;un meuble, et cette image est relativement r\u00e9cente.<\/p>\n\n\n<p><em><strong>Savoureusement v\u00f4tre,<br>L&#8217;\u00e9quipe d&#8217;Esprit Barbecue.<\/strong><\/em><\/p>\n\n\n\n<hr class=\"wp-block-separator has-alpha-channel-opacity\"\/>\n\n\n<div class=\"wp-block-post-author\"><div class=\"wp-block-post-author__avatar\"><img alt='' src='https:\/\/secure.gravatar.com\/avatar\/77ba8a0bd75954d8686993beaf78a273b4c515ff5dcfdc78505fe0f2459a24f8?s=96&#038;d=mm&#038;r=g' srcset='https:\/\/secure.gravatar.com\/avatar\/77ba8a0bd75954d8686993beaf78a273b4c515ff5dcfdc78505fe0f2459a24f8?s=192&#038;d=mm&#038;r=g 2x' class='avatar avatar-96 photo' height='96' width='96' \/><\/div><div class=\"wp-block-post-author__content\"><p class=\"wp-block-post-author__name\"><a href=\"https:\/\/www.esprit-barbecue.fr\/blog\/auteur\/samuel\/\" target=\"_self\">Samuel<\/a><\/p><p class=\"wp-block-post-author__bio\">Amateur de s\u00e9ries TV et d\u2019anecdotes en tout genre, j\u2019adore raconter des histoires autour d\u2019un bras\u00e9ro enflamm\u00e9 avec quelques chamallows. Mon outil de cuisson favori ? L\u2019ind\u00e9modable barbecue charbon Master-Touch de Weber pour cuisiner un filet mignon fum\u00e9 au h\u00eatre.<\/p><\/div><\/div>\n\n\n<hr class=\"wp-block-separator has-alpha-channel-opacity\"\/>\n\n\n","protected":false},"excerpt":{"rendered":"<p>Voici une petite infographie concernant le march\u00e9 du barbecue en 2014.<\/p>\n","protected":false},"author":2,"featured_media":3077,"comment_status":"open","ping_status":"open","sticky":false,"template":"","format":"standard","meta":{"_acf_changed":false,"footnotes":""},"categories":[5],"tags":[],"class_list":["post-3072","post","type-post","status-publish","format-standard","has-post-thumbnail","hentry","category-actualites"],"acf":[],"_links":{"self":[{"href":"https:\/\/www.esprit-barbecue.fr\/blog\/wp-json\/wp\/v2\/posts\/3072","targetHints":{"allow":["GET"]}}],"collection":[{"href":"https:\/\/www.esprit-barbecue.fr\/blog\/wp-json\/wp\/v2\/posts"}],"about":[{"href":"https:\/\/www.esprit-barbecue.fr\/blog\/wp-json\/wp\/v2\/types\/post"}],"author":[{"embeddable":true,"href":"https:\/\/www.esprit-barbecue.fr\/blog\/wp-json\/wp\/v2\/users\/2"}],"replies":[{"embeddable":true,"href":"https:\/\/www.esprit-barbecue.fr\/blog\/wp-json\/wp\/v2\/comments?post=3072"}],"version-history":[{"count":2,"href":"https:\/\/www.esprit-barbecue.fr\/blog\/wp-json\/wp\/v2\/posts\/3072\/revisions"}],"predecessor-version":[{"id":12088,"href":"https:\/\/www.esprit-barbecue.fr\/blog\/wp-json\/wp\/v2\/posts\/3072\/revisions\/12088"}],"wp:featuredmedia":[{"embeddable":true,"href":"https:\/\/www.esprit-barbecue.fr\/blog\/wp-json\/wp\/v2\/media\/3077"}],"wp:attachment":[{"href":"https:\/\/www.esprit-barbecue.fr\/blog\/wp-json\/wp\/v2\/media?parent=3072"}],"wp:term":[{"taxonomy":"category","embeddable":true,"href":"https:\/\/www.esprit-barbecue.fr\/blog\/wp-json\/wp\/v2\/categories?post=3072"},{"taxonomy":"post_tag","embeddable":true,"href":"https:\/\/www.esprit-barbecue.fr\/blog\/wp-json\/wp\/v2\/tags?post=3072"}],"curies":[{"name":"wp","href":"https:\/\/api.w.org\/{rel}","templated":true}]}}