{"id":713,"date":"2014-05-06T18:30:13","date_gmt":"2014-05-06T16:30:13","guid":{"rendered":"https:\/\/www.esprit-barbecue-et-vous.fr\/?p=713"},"modified":"2023-11-28T14:12:09","modified_gmt":"2023-11-28T13:12:09","slug":"un-moment-convivial-autour-du-brasero","status":"publish","type":"post","link":"https:\/\/www.esprit-barbecue.fr\/blog\/un-moment-convivial-autour-du-brasero\/","title":{"rendered":"Partagez un moment convivial autour du bras\u00e9ro !"},"content":{"rendered":"\n\n<div class=\"kk-star-ratings kksr-auto kksr-align-center kksr-valign-top\"\n    data-payload='{&quot;align&quot;:&quot;center&quot;,&quot;id&quot;:&quot;713&quot;,&quot;slug&quot;:&quot;default&quot;,&quot;valign&quot;:&quot;top&quot;,&quot;ignore&quot;:&quot;&quot;,&quot;reference&quot;:&quot;auto&quot;,&quot;class&quot;:&quot;&quot;,&quot;count&quot;:&quot;0&quot;,&quot;legendonly&quot;:&quot;&quot;,&quot;readonly&quot;:&quot;&quot;,&quot;score&quot;:&quot;0&quot;,&quot;starsonly&quot;:&quot;&quot;,&quot;best&quot;:&quot;5&quot;,&quot;gap&quot;:&quot;5&quot;,&quot;greet&quot;:&quot;Notez ce contenu !&quot;,&quot;legend&quot;:&quot;0\\\/5 - (0 vote)&quot;,&quot;size&quot;:&quot;24&quot;,&quot;title&quot;:&quot;Partagez un moment convivial autour du bras\u00e9ro !&quot;,&quot;width&quot;:&quot;0&quot;,&quot;_legend&quot;:&quot;{score}\\\/{best} - ({count} {votes})&quot;,&quot;font_factor&quot;:&quot;1.25&quot;}'>\n            \n<div class=\"kksr-stars\">\n    \n<div class=\"kksr-stars-inactive\">\n            <div class=\"kksr-star\" data-star=\"1\" style=\"padding-right: 5px\">\n            \n\n<div class=\"kksr-icon\" style=\"width: 24px; height: 24px;\"><\/div>\n        <\/div>\n            <div class=\"kksr-star\" data-star=\"2\" style=\"padding-right: 5px\">\n            \n\n<div class=\"kksr-icon\" style=\"width: 24px; height: 24px;\"><\/div>\n        <\/div>\n            <div class=\"kksr-star\" data-star=\"3\" style=\"padding-right: 5px\">\n            \n\n<div class=\"kksr-icon\" style=\"width: 24px; height: 24px;\"><\/div>\n        <\/div>\n            <div class=\"kksr-star\" data-star=\"4\" style=\"padding-right: 5px\">\n            \n\n<div class=\"kksr-icon\" style=\"width: 24px; height: 24px;\"><\/div>\n        <\/div>\n            <div class=\"kksr-star\" data-star=\"5\" style=\"padding-right: 5px\">\n            \n\n<div class=\"kksr-icon\" style=\"width: 24px; height: 24px;\"><\/div>\n        <\/div>\n    <\/div>\n    \n<div class=\"kksr-stars-active\" style=\"width: 0px;\">\n            <div class=\"kksr-star\" style=\"padding-right: 5px\">\n            \n\n<div class=\"kksr-icon\" style=\"width: 24px; height: 24px;\"><\/div>\n        <\/div>\n            <div class=\"kksr-star\" style=\"padding-right: 5px\">\n            \n\n<div class=\"kksr-icon\" style=\"width: 24px; height: 24px;\"><\/div>\n        <\/div>\n            <div class=\"kksr-star\" style=\"padding-right: 5px\">\n            \n\n<div class=\"kksr-icon\" style=\"width: 24px; height: 24px;\"><\/div>\n        <\/div>\n            <div class=\"kksr-star\" style=\"padding-right: 5px\">\n            \n\n<div class=\"kksr-icon\" style=\"width: 24px; height: 24px;\"><\/div>\n        <\/div>\n            <div class=\"kksr-star\" style=\"padding-right: 5px\">\n            \n\n<div class=\"kksr-icon\" style=\"width: 24px; height: 24px;\"><\/div>\n        <\/div>\n    <\/div>\n<\/div>\n                \n\n<div class=\"kksr-legend\" style=\"font-size: 19.2px;\">\n            <span class=\"kksr-muted\">Notez ce contenu !<\/span>\n    <\/div>\n    <\/div>\n<h3 style=\"text-align: left;\" align=\"right\"><em><strong><a href=\"https:\/\/www.esprit-barbecue-et-vous.fr\/wp-content\/uploads\/2014\/05\/ambiance-brasero-barbecook-modern-60-2.jpg\" target=\"_blank\" rel=\"noopener\"><img loading=\"lazy\" decoding=\"async\" class=\"size-thumbnail wp-image-715 aligncenter\" title=\"bras\u00e9ro modern 60\" alt=\"ambiance-brasero-barbecook-modern-60 \" src=\"https:\/\/www.esprit-barbecue-et-vous.fr\/wp-content\/uploads\/2014\/05\/ambiance-brasero-barbecook-modern-60-2-290x290.jpg\" width=\"290\" height=\"290\" \/><\/a><\/strong><\/em><\/h3>\n<h4 style=\"text-align: center;\" align=\"right\">Outil ancestral, le bras\u00e9ro permet aujourd&#8217;hui de partager un moment convivial, \u00e9t\u00e9 comme hiver, dans son jardin !<\/h4>\n<h5 style=\"text-align: center;\"><em><span style=\"color: #808080;\">Cliquez sur &#8220;read more&#8221; pour en savoir plus sur les origines et les utilisations du bras\u00e9ro !<\/span><\/em><\/h5>\n<h3 style=\"text-align: left;\" align=\"right\"><!--more--><\/h3>\n<h3 style=\"text-align: left;\" align=\"right\"><em><span style=\"color: #000000;\">Des origines \u00ab\u00a0antiques\u00a0\u00bb<\/span><\/em><\/h3>\n<p><span style=\"color: #000000;\">D\u00e9j\u00e0 utilis\u00e9 au <strong>Moyen-Age<\/strong>, le bras\u00e9ro constituait un <strong>mobilier d\u2019appoint<\/strong> pour compl\u00e9ter le chauffage de la demeure, dont le foyer ne chauffait souvent qu\u2019une seule pi\u00e8ce, il \u00e9tait alors souvent mont\u00e9 sur pieds et muni de poign\u00e9es pour le d\u00e9placer d\u2019une pi\u00e8ce \u00e0 l\u2019autre. Le bras\u00e9ro servait aussi aux troupes lors des si\u00e8ges des ch\u00e2teaux, notamment pour faire cuire des pommes de terre.<\/span><\/p>\n<h3><span style=\"color: #000000;\"><i>Le bras\u00e9ro, \u00e0 la fois d\u00e9coratif et convivial<\/i><\/span><\/h3>\n<p><span style=\"color: #000000;\">Aujourd\u2019hui, le <a title=\"bras\u00e9ros\" href=\"http:\/\/www.esprit-barbecue.fr\/21-brasero\" target=\"_blank\" rel=\"noopener\">bras\u00e9ro<\/a>, ou chemin\u00e9e d\u2019ext\u00e9rieur, est un appareil de chauffage au bois et un <strong>v\u00e9ritable objet de d\u00e9coration pour le jardin<\/strong>. Dans une volont\u00e9 de passer plus de temps en ext\u00e9rieur, le bras\u00e9ro est l\u2019outil du feu id\u00e9al pour que vous partagiez un<strong> moment convivial<\/strong> autour du feu, notamment lors des soir\u00e9es fra\u00eeches.<\/span><\/p>\n<h3><em style=\"color: #000000; font-size: 1.17em;\">Comment peut-on l&#8217;utiliser ?<\/em><\/h3>\n<p><span style=\"color: #000000;\">Le bras\u00e9ro, qu&#8217;il soit en inox, en fonte ou en acier, conserve donc comme vocation premi\u00e8re le chauffage. Mais l<\/span><span style=\"color: #000000;\">e bras\u00e9ro n\u2019en perd pas pour autant sa fonction de cuisson, puisque vous pouvez tout \u00e0 fait faire <strong>griller<\/strong> vos brochettes et marshmallows ou partager un vin chaud autour du bras\u00e9ro gr\u00e2ce au tr\u00e9pied (comme on peut le voir sur la photo) ! Des po\u00eales pour faire cuire son pop corn ou ses ch\u00e2taignes existent \u00e9galement ! On peut m\u00eame poser une plancha ou une cocotte en fonte sur son bras\u00e9ro afin de faire cuire ses aliments ! Pour autant, le bras\u00e9ro ne remplace pas votre bon &#8220;vieux&#8221; barbecue !<\/span><\/p>\n<h4><span style=\"color: #000000;\">Partagez un moment convivial en ext\u00e9rieur avec le bras\u00e9ro\u00a0!<\/span><\/h4>\n<p><em>Mardi prochain, d\u00e9couvrez les origines et les mani\u00e8res d\u2019utiliser la plancha\u00a0!<\/em><\/p>\n\n\n<p><em><strong>Savoureusement v\u00f4tre,<br>L&#8217;\u00e9quipe d&#8217;Esprit Barbecue.<\/strong><\/em><\/p>\n\n\n\n<hr class=\"wp-block-separator has-alpha-channel-opacity\"\/>\n\n\n<div class=\"wp-block-post-author\"><div class=\"wp-block-post-author__avatar\"><img alt='' src='https:\/\/secure.gravatar.com\/avatar\/77ba8a0bd75954d8686993beaf78a273b4c515ff5dcfdc78505fe0f2459a24f8?s=96&#038;d=mm&#038;r=g' srcset='https:\/\/secure.gravatar.com\/avatar\/77ba8a0bd75954d8686993beaf78a273b4c515ff5dcfdc78505fe0f2459a24f8?s=192&#038;d=mm&#038;r=g 2x' class='avatar avatar-96 photo' height='96' width='96' \/><\/div><div class=\"wp-block-post-author__content\"><p class=\"wp-block-post-author__name\"><a href=\"https:\/\/www.esprit-barbecue.fr\/blog\/auteur\/samuel\/\" target=\"_self\">Samuel<\/a><\/p><p class=\"wp-block-post-author__bio\">Amateur de s\u00e9ries TV et d\u2019anecdotes en tout genre, j\u2019adore raconter des histoires autour d\u2019un bras\u00e9ro enflamm\u00e9 avec quelques chamallows. Mon outil de cuisson favori ? L\u2019ind\u00e9modable barbecue charbon Master-Touch de Weber pour cuisiner un filet mignon fum\u00e9 au h\u00eatre.<\/p><\/div><\/div>\n\n\n<hr class=\"wp-block-separator has-alpha-channel-opacity\"\/>\n\n\n","protected":false},"excerpt":{"rendered":"<p>Outil ancestral, le bras\u00e9ro permet aujourd&#8217;hui de partager un moment convivial, \u00e9t\u00e9 comme hiver, dans son jardin ! Cliquez sur [&hellip;]<\/p>\n","protected":false},"author":2,"featured_media":7535,"comment_status":"open","ping_status":"open","sticky":false,"template":"","format":"standard","meta":{"_acf_changed":false,"footnotes":""},"categories":[5],"tags":[],"class_list":["post-713","post","type-post","status-publish","format-standard","has-post-thumbnail","hentry","category-actualites"],"acf":[],"_links":{"self":[{"href":"https:\/\/www.esprit-barbecue.fr\/blog\/wp-json\/wp\/v2\/posts\/713","targetHints":{"allow":["GET"]}}],"collection":[{"href":"https:\/\/www.esprit-barbecue.fr\/blog\/wp-json\/wp\/v2\/posts"}],"about":[{"href":"https:\/\/www.esprit-barbecue.fr\/blog\/wp-json\/wp\/v2\/types\/post"}],"author":[{"embeddable":true,"href":"https:\/\/www.esprit-barbecue.fr\/blog\/wp-json\/wp\/v2\/users\/2"}],"replies":[{"embeddable":true,"href":"https:\/\/www.esprit-barbecue.fr\/blog\/wp-json\/wp\/v2\/comments?post=713"}],"version-history":[{"count":2,"href":"https:\/\/www.esprit-barbecue.fr\/blog\/wp-json\/wp\/v2\/posts\/713\/revisions"}],"predecessor-version":[{"id":12125,"href":"https:\/\/www.esprit-barbecue.fr\/blog\/wp-json\/wp\/v2\/posts\/713\/revisions\/12125"}],"wp:featuredmedia":[{"embeddable":true,"href":"https:\/\/www.esprit-barbecue.fr\/blog\/wp-json\/wp\/v2\/media\/7535"}],"wp:attachment":[{"href":"https:\/\/www.esprit-barbecue.fr\/blog\/wp-json\/wp\/v2\/media?parent=713"}],"wp:term":[{"taxonomy":"category","embeddable":true,"href":"https:\/\/www.esprit-barbecue.fr\/blog\/wp-json\/wp\/v2\/categories?post=713"},{"taxonomy":"post_tag","embeddable":true,"href":"https:\/\/www.esprit-barbecue.fr\/blog\/wp-json\/wp\/v2\/tags?post=713"}],"curies":[{"name":"wp","href":"https:\/\/api.w.org\/{rel}","templated":true}]}}